{"id":11126,"date":"2020-03-01T08:27:17","date_gmt":"2020-03-01T07:27:17","guid":{"rendered":"http:\/\/www.ilmondodeitreni.it\/blog\/?p=11126"},"modified":"2020-03-01T01:31:56","modified_gmt":"2020-03-01T00:31:56","slug":"ferrara-lavori-di-manutenzione-nellatrio-della-stazione-ferroviaria","status":"publish","type":"post","link":"https:\/\/www.ilmondodeitreni.it\/blog\/?p=11126","title":{"rendered":"Ferrara: lavori di manutenzione nell\u2019atrio della stazione ferroviaria"},"content":{"rendered":"<p style=\"text-align: justify;\"><span style=\"font-size: 12pt;\"><a href=\"http:\/\/www.ilmondodeitreni.it\/blog\/wp-content\/uploads\/2020\/03\/ALe642_030ferrara.jpg\"><img loading=\"lazy\" decoding=\"async\" class=\"alignleft size-thumbnail wp-image-11127\" src=\"http:\/\/www.ilmondodeitreni.it\/blog\/wp-content\/uploads\/2020\/03\/ALe642_030ferrara-160x104.jpg\" alt=\"\" width=\"160\" height=\"104\" srcset=\"https:\/\/www.ilmondodeitreni.it\/blog\/wp-content\/uploads\/2020\/03\/ALe642_030ferrara-160x104.jpg 160w, https:\/\/www.ilmondodeitreni.it\/blog\/wp-content\/uploads\/2020\/03\/ALe642_030ferrara-640x416.jpg 640w, https:\/\/www.ilmondodeitreni.it\/blog\/wp-content\/uploads\/2020\/03\/ALe642_030ferrara-150x98.jpg 150w, https:\/\/www.ilmondodeitreni.it\/blog\/wp-content\/uploads\/2020\/03\/ALe642_030ferrara.jpg 661w\" sizes=\"auto, (max-width: 160px) 100vw, 160px\" \/><\/a>Rinforzo e consolidamento delle travi del solaio e realizzazione di un nuovo controsoffitto. Sono questi i lavori avviati ieri nell\u2019atrio della stazione ferroviaria di Ferrara da Rete Ferroviaria Italiana (Gruppo FS Italiane). L\u2019intervento, deciso a seguito di un controllo effettuato dai tecnici incaricati della manutenzione della stazione, ha reso necessaria la temporanea chiusura dell\u2019atrio. La durata del cantiere, che potr\u00e0 essere definita con precisione solo dopo il completamento della prima fase dei lavori, \u00e8 stimata al momento in alcune settimane. RFI ha gi\u00e0 predisposto e segnalato i percorsi alternativi di accesso ai binari. Anche le imprese ferroviarie si stanno attrezzando per continuare a garantire il servizio attraverso desk, emettitrici self service e il potenziamento del personale di assistenza ai viaggiatori. Previsto anche, nei prossimi giorni, l\u2019allestimento di una sede temporanea per la biglietteria.<\/span><\/p>\n","protected":false},"excerpt":{"rendered":"<p>Rinforzo e consolidamento delle travi del solaio e realizzazione di un nuovo controsoffitto. Sono questi i lavori avviati ieri nell\u2019atrio della stazione ferroviaria di Ferrara da Rete Ferroviaria Italiana (Gruppo FS Italiane). L\u2019intervento, deciso a seguito di un controllo effettuato dai tecnici incaricati della manutenzione della stazione, ha reso necessaria la temporanea chiusura dell\u2019atrio. La durata del cantiere, che potr\u00e0 essere definita con precisione solo dopo il completamento della prima\u2026<\/p>\n<p class=\"continue-reading-button\"> <a class=\"continue-reading-link\" href=\"https:\/\/www.ilmondodeitreni.it\/blog\/?p=11126\">Continua la lettura<i class=\"crycon-right-dir\"><\/i><\/a><\/p>\n","protected":false},"author":7,"featured_media":0,"comment_status":"open","ping_status":"open","sticky":false,"template":"","format":"standard","meta":{"footnotes":""},"categories":[2],"tags":[1353,1222,34,7614],"class_list":["post-11126","post","type-post","status-publish","format-standard","hentry","category-news","tag-gruppo-fs-italiane","tag-lavori","tag-rfi","tag-stazione-ferroviaria-di-ferrara"],"_links":{"self":[{"href":"https:\/\/www.ilmondodeitreni.it\/blog\/index.php?rest_route=\/wp\/v2\/posts\/11126","targetHints":{"allow":["GET"]}}],"collection":[{"href":"https:\/\/www.ilmondodeitreni.it\/blog\/index.php?rest_route=\/wp\/v2\/posts"}],"about":[{"href":"https:\/\/www.ilmondodeitreni.it\/blog\/index.php?rest_route=\/wp\/v2\/types\/post"}],"author":[{"embeddable":true,"href":"https:\/\/www.ilmondodeitreni.it\/blog\/index.php?rest_route=\/wp\/v2\/users\/7"}],"replies":[{"embeddable":true,"href":"https:\/\/www.ilmondodeitreni.it\/blog\/index.php?rest_route=%2Fwp%2Fv2%2Fcomments&post=11126"}],"version-history":[{"count":1,"href":"https:\/\/www.ilmondodeitreni.it\/blog\/index.php?rest_route=\/wp\/v2\/posts\/11126\/revisions"}],"predecessor-version":[{"id":11128,"href":"https:\/\/www.ilmondodeitreni.it\/blog\/index.php?rest_route=\/wp\/v2\/posts\/11126\/revisions\/11128"}],"wp:attachment":[{"href":"https:\/\/www.ilmondodeitreni.it\/blog\/index.php?rest_route=%2Fwp%2Fv2%2Fmedia&parent=11126"}],"wp:term":[{"taxonomy":"category","embeddable":true,"href":"https:\/\/www.ilmondodeitreni.it\/blog\/index.php?rest_route=%2Fwp%2Fv2%2Fcategories&post=11126"},{"taxonomy":"post_tag","embeddable":true,"href":"https:\/\/www.ilmondodeitreni.it\/blog\/index.php?rest_route=%2Fwp%2Fv2%2Ftags&post=11126"}],"curies":[{"name":"wp","href":"https:\/\/api.w.org\/{rel}","templated":true}]}}