{"id":11121,"date":"2020-02-29T15:18:15","date_gmt":"2020-02-29T14:18:15","guid":{"rendered":"http:\/\/www.ilmondodeitreni.it\/blog\/?p=11121"},"modified":"2020-02-29T15:18:15","modified_gmt":"2020-02-29T14:18:15","slug":"ferrovia-genova-casella-variazioni-al-servizio-nel-mese-di-marzo","status":"publish","type":"post","link":"https:\/\/www.ilmondodeitreni.it\/blog\/?p=11121","title":{"rendered":"Ferrovia Genova \u2013 Casella variazioni al servizio nel mese di marzo"},"content":{"rendered":"<p style=\"text-align: justify;\"><a href=\"http:\/\/www.ilmondodeitreni.it\/blog\/wp-content\/uploads\/2018\/10\/FGC_A9Genova.jpg\"><img loading=\"lazy\" decoding=\"async\" class=\"alignleft size-thumbnail wp-image-8050\" src=\"http:\/\/www.ilmondodeitreni.it\/blog\/wp-content\/uploads\/2018\/10\/FGC_A9Genova-160x106.jpg\" alt=\"\" width=\"160\" height=\"106\" srcset=\"https:\/\/www.ilmondodeitreni.it\/blog\/wp-content\/uploads\/2018\/10\/FGC_A9Genova-160x106.jpg 160w, https:\/\/www.ilmondodeitreni.it\/blog\/wp-content\/uploads\/2018\/10\/FGC_A9Genova.jpg 640w, https:\/\/www.ilmondodeitreni.it\/blog\/wp-content\/uploads\/2018\/10\/FGC_A9Genova-227x150.jpg 227w, https:\/\/www.ilmondodeitreni.it\/blog\/wp-content\/uploads\/2018\/10\/FGC_A9Genova-150x99.jpg 150w\" sizes=\"auto, (max-width: 160px) 100vw, 160px\" \/><\/a><span style=\"font-size: 12pt;\">AMT informa che, al fine di consentire l\u2019esecuzione di alcuni lavori nel cantiere di consolidamento della sede ferroviaria situato in localit\u00e0 Vallombrosa, nei giorni:<\/span><\/p>\n<p>&nbsp;<\/p>\n<p style=\"text-align: justify;\"><span style=\"font-size: 12pt;\"><strong>&#8211;&nbsp;&nbsp;&nbsp;&nbsp;&nbsp;&nbsp;&nbsp;&nbsp;&nbsp;&nbsp; marted\u00ec 3, mercoled\u00ec 4 e gioved\u00ec 5 marzo<\/strong><\/span><\/p>\n<p style=\"text-align: justify;\"><span style=\"font-size: 12pt;\"><strong>&#8211;&nbsp;&nbsp;&nbsp;&nbsp;&nbsp;&nbsp;&nbsp;&nbsp;&nbsp;&nbsp; marted\u00ec 10, mercoled\u00ec 11 e gioved\u00ec 12 marzo<\/strong><\/span><\/p>\n<p style=\"text-align: justify;\"><span style=\"font-size: 12pt;\"><strong>&#8211;&nbsp;&nbsp;&nbsp;&nbsp;&nbsp;&nbsp;&nbsp;&nbsp;&nbsp;&nbsp; marted\u00ec 17, mercoled\u00ec 18 e gioved\u00ec 19 marzo<\/strong><\/span><\/p>\n<p style=\"text-align: justify;\"><span style=\"font-size: 12pt;\"><strong>&#8211;&nbsp;&nbsp;&nbsp;&nbsp;&nbsp;&nbsp;&nbsp;&nbsp;&nbsp;&nbsp; marted\u00ec 24, mercoled\u00ec 25 e gioved\u00ec 26 marzo<\/strong><\/span><\/p>\n<p style=\"text-align: justify;\"><span style=\"font-size: 12pt;\">il servizio della Ferrovia Genova Casella verr\u00e0 svolto interamente con il&nbsp;<strong>bus sostitutivo<\/strong>.<\/span><br \/>\n<span style=\"font-size: 12pt;\">Il bus, in partenza da Genova piazza Manin e dalla stazione di Casella, effettuer\u00e0 tutte le corse con lo stesso orario del treno. Nelle restanti giornate il servizio sar\u00e0 svolto regolarmente con il treno.<\/span><\/p>\n","protected":false},"excerpt":{"rendered":"<p>AMT informa che, al fine di consentire l\u2019esecuzione di alcuni lavori nel cantiere di consolidamento della sede ferroviaria situato in localit\u00e0 Vallombrosa, nei giorni: &nbsp; &#8211;&nbsp;&nbsp;&nbsp;&nbsp;&nbsp;&nbsp;&nbsp;&nbsp;&nbsp;&nbsp; marted\u00ec 3, mercoled\u00ec 4 e gioved\u00ec 5 marzo &#8211;&nbsp;&nbsp;&nbsp;&nbsp;&nbsp;&nbsp;&nbsp;&nbsp;&nbsp;&nbsp; marted\u00ec 10, mercoled\u00ec 11 e gioved\u00ec 12 marzo &#8211;&nbsp;&nbsp;&nbsp;&nbsp;&nbsp;&nbsp;&nbsp;&nbsp;&nbsp;&nbsp; marted\u00ec 17, mercoled\u00ec 18 e gioved\u00ec 19 marzo &#8211;&nbsp;&nbsp;&nbsp;&nbsp;&nbsp;&nbsp;&nbsp;&nbsp;&nbsp;&nbsp; marted\u00ec 24, mercoled\u00ec 25 e gioved\u00ec 26 marzo il servizio della Ferrovia Genova Casella verr\u00e0 svolto interamente\u2026<\/p>\n<p class=\"continue-reading-button\"> <a class=\"continue-reading-link\" href=\"https:\/\/www.ilmondodeitreni.it\/blog\/?p=11121\">Continua la lettura<i class=\"crycon-right-dir\"><\/i><\/a><\/p>\n","protected":false},"author":13,"featured_media":0,"comment_status":"open","ping_status":"open","sticky":false,"template":"","format":"standard","meta":{"footnotes":""},"categories":[2],"tags":[124,4895,7612,1222],"class_list":["post-11121","post","type-post","status-publish","format-standard","hentry","category-news","tag-amt","tag-ferrovia-genova-casella","tag-genova-piazza-manin","tag-lavori"],"_links":{"self":[{"href":"https:\/\/www.ilmondodeitreni.it\/blog\/index.php?rest_route=\/wp\/v2\/posts\/11121","targetHints":{"allow":["GET"]}}],"collection":[{"href":"https:\/\/www.ilmondodeitreni.it\/blog\/index.php?rest_route=\/wp\/v2\/posts"}],"about":[{"href":"https:\/\/www.ilmondodeitreni.it\/blog\/index.php?rest_route=\/wp\/v2\/types\/post"}],"author":[{"embeddable":true,"href":"https:\/\/www.ilmondodeitreni.it\/blog\/index.php?rest_route=\/wp\/v2\/users\/13"}],"replies":[{"embeddable":true,"href":"https:\/\/www.ilmondodeitreni.it\/blog\/index.php?rest_route=%2Fwp%2Fv2%2Fcomments&post=11121"}],"version-history":[{"count":1,"href":"https:\/\/www.ilmondodeitreni.it\/blog\/index.php?rest_route=\/wp\/v2\/posts\/11121\/revisions"}],"predecessor-version":[{"id":11122,"href":"https:\/\/www.ilmondodeitreni.it\/blog\/index.php?rest_route=\/wp\/v2\/posts\/11121\/revisions\/11122"}],"wp:attachment":[{"href":"https:\/\/www.ilmondodeitreni.it\/blog\/index.php?rest_route=%2Fwp%2Fv2%2Fmedia&parent=11121"}],"wp:term":[{"taxonomy":"category","embeddable":true,"href":"https:\/\/www.ilmondodeitreni.it\/blog\/index.php?rest_route=%2Fwp%2Fv2%2Fcategories&post=11121"},{"taxonomy":"post_tag","embeddable":true,"href":"https:\/\/www.ilmondodeitreni.it\/blog\/index.php?rest_route=%2Fwp%2Fv2%2Ftags&post=11121"}],"curies":[{"name":"wp","href":"https:\/\/api.w.org\/{rel}","templated":true}]}}