{"id":10919,"date":"2020-02-17T16:02:58","date_gmt":"2020-02-17T15:02:58","guid":{"rendered":"http:\/\/www.ilmondodeitreni.it\/blog\/?p=10919"},"modified":"2020-02-17T16:07:41","modified_gmt":"2020-02-17T15:07:41","slug":"puglia-treni-speciali-per-la-visita-di-papa-francesco-a-bari","status":"publish","type":"post","link":"https:\/\/www.ilmondodeitreni.it\/blog\/?p=10919","title":{"rendered":"Puglia: treni speciali per la visita di Papa Francesco a Bari (aggiornamento)"},"content":{"rendered":"<p><a href=\"http:\/\/www.ilmondodeitreni.it\/blog\/wp-content\/uploads\/2014\/12\/ale80incoronata.jpg\"><img loading=\"lazy\" decoding=\"async\" class=\"alignleft wp-image-857 size-thumbnail\" src=\"http:\/\/www.ilmondodeitreni.it\/blog\/wp-content\/uploads\/2014\/12\/ale80incoronata-160x100.jpg\" alt=\"\" width=\"160\" height=\"100\" srcset=\"https:\/\/www.ilmondodeitreni.it\/blog\/wp-content\/uploads\/2014\/12\/ale80incoronata-160x100.jpg 160w, https:\/\/www.ilmondodeitreni.it\/blog\/wp-content\/uploads\/2014\/12\/ale80incoronata-239x150.jpg 239w, https:\/\/www.ilmondodeitreni.it\/blog\/wp-content\/uploads\/2014\/12\/ale80incoronata-150x93.jpg 150w, https:\/\/www.ilmondodeitreni.it\/blog\/wp-content\/uploads\/2014\/12\/ale80incoronata.jpg 640w, https:\/\/www.ilmondodeitreni.it\/blog\/wp-content\/uploads\/2014\/12\/ale80incoronata-318x201.jpg 318w\" sizes=\"auto, (max-width: 160px) 100vw, 160px\" \/><\/a><\/p>\n<p style=\"text-align: justify;\"><span style=\"font-size: 12pt;\">Papa Francesco sar\u00e0 a Bari il prossimo 23 febbraio per la chiusura dell\u2019incontro dei vescovi del Mediterraneo e per l\u2019occasione le aziende di trasporto ferroviario pugliesi hanno organizzato un programma di servizio straordinario per dare la possibilit\u00e0 alle comunit\u00e0 di partecipare all&#8217;incontro.&nbsp;&nbsp;<\/span><\/p>\n<p style=\"text-align: justify;\"><span style=\"font-size: 12pt;\"> Ferrovie del Gargano organizza treni straordinari per dare la possibilit\u00e0 alle comunit\u00e0 del Gargano Nord, Apricena e S.Severo di partecipare all\u2019incontro con il Santo Pontefice. Il \u201cTreno di Francesco\u201d partir\u00e0 da Ischitella, Carpino, Cagnano Varano, San Nicandro Garganico, Apricena e S.Severo.<\/span><br \/>\n<span style=\"font-size: 12pt;\">Papa Bergoglio torna per la seconda volt<span class=\"text_exposed_show\">a a Bari dopo l\u2019incontro con i patriarchi del Medio Oriente avvenuto il 7 luglio 2018, che port\u00f2 sul lungomare oltre 70mila fedeli, e la quarta volta in Puglia dopo le precedenti tappe a San Giovanni Rotondo e sui luoghi di don Tonino Bello, a marzo e aprile del 2018. \u201cAbbiamo subito raccolto l\u2019invito del Comitato Organizzatore dell\u2019evento \u2013 commenta il dott. Vincenzo Germano Scarcia, presidente di Ferrovie del Gargano \u2013 per dare la possibilit\u00e0 alle popolazioni del Gargano di vivere questo importante momento di fede e di aggregazione. E cos\u00ec abbiamo approntato un programma per venire incontro a queste esigenze di mobilit\u00e0 e sicurezza con tempi di percorrenza molto snelli per favorire un celere ritorno ai paesi di partenza. Uno sforzo importante coordinato dalla nostra struttura organizzativa\u201d. L\u2019incontro \u00e8 programmato su corso Vittorio Emanuele II dove, alle ore 10,45, Papa Francesco celebrer\u00e0 la Santa Messa. Alle 12.30 il Papa salir\u00e0 in elicottero per rientrare a Roma dove l\u2019arrivo \u00e8 in programma alle 13.45. Al termine della celebrazione i viaggiatori torneranno alla stazione ferroviaria di Bari dove, alle 14,47, \u00e8 prevista la partenza dei treni straordinari per il rientro.<br \/>\nAl luogo della celebrazione non sar\u00e0 consentito arrivare con auto private. I treni di FerGargano faranno capolinea alla stazione di Bari da dove si proseguir\u00e0 a piedi per raggiungere il luogo dove sar\u00e0 celebrata la Santa Messa.<br \/>\nInfo e acquisto biglietti&nbsp;<a class=\"profileLink\" href=\"https:\/\/www.facebook.com\/FdGAgenziaViaggi\/?__tn__=K-R&amp;eid=ARC1ZWQV2HPzzWhIgy-OxIBEV7Po4XIizomT1uwa7fJuqYFyJ9DNhOSwWp8SgEsjXqFaBxHBPdx8iI1n&amp;fref=mentions&amp;__xts__%5B0%5D=68.ARDn4ohPJSLLXPvRbWaKSFbEiWquW-07Rwrd7Sa4HBEWmbPM4C-QEGIFoDWIgzZTssn7OY7q1EiFqPWn4P-zAwPnBJ1w74OCvdElCMeperQk4MDcpMJx9iOFUPM6XWkkhZ9Y1NtDL6PT5k0W2xSoBcw8kNRyvDcb--0G8ociPAvcbpRaJK9C35miNOTuPUyub_D0REpcFkGwwAG1GJN9a28uydvAZEs4nzTrgP9XdxTfld0lHhbaXwzcEsHQ1s4KS4RXAFzr-FRcAs6k7fHCnN4MGEZNcTvND0TlQBLJy8_hy2tY1--E7f0jGwXtgts4LZ435bM6EkLK-V-GOZcQUCCM6A\" data-hovercard=\"\/ajax\/hovercard\/page.php?id=103599271063035&amp;extragetparams=%7B%22__tn__%22%3A%22%2CdK-R-R%22%2C%22eid%22%3A%22ARC1ZWQV2HPzzWhIgy-OxIBEV7Po4XIizomT1uwa7fJuqYFyJ9DNhOSwWp8SgEsjXqFaBxHBPdx8iI1n%22%2C%22fref%22%3A%22mentions%22%7D\" data-hovercard-prefer-more-content-show=\"1\">FdG Viaggi e Turismo<\/a>&nbsp;0884561020 e 0882228960.<br \/>\nA seguire gli orari di andata e ritorno del \u201cTreno di Francesco\u201d:<br \/>\nORARI DI ANDATA E RITORNO<\/span><\/span><\/p>\n<div class=\"text_exposed_show\">\n<p><span style=\"font-size: 12pt;\">ISCHITELLA 3:40 17:40<\/span><br \/>\n<span style=\"font-size: 12pt;\">CARPINO 3:53 17:26<\/span><br \/>\n<span style=\"font-size: 12pt;\">CAGNANO VARANO 4:05 17:14<\/span><br \/>\n<span style=\"font-size: 12pt;\">SAN NICANDRO G.CO 4:24 16:55<\/span><br \/>\n<span style=\"font-size: 12pt;\">APRICENA 4:39 16:39<\/span><br \/>\n<span style=\"font-size: 12pt;\">SAN SEVERO 4:50 16:29<\/span><br \/>\n<span style=\"font-size: 12pt;\">BARI 6:18 14:47<\/span><\/p>\n<p style=\"text-align: justify;\"><span style=\"font-size: 12pt;\">Anche Ferrotramviaria ha attivato treni speciali per accogliere a Bari il Santo Padre, Papa Francesco, il giorno 23 febbraio 2020, con partenze da Corato verso Bari, dalle ore 4:30 alle ore 6:30&nbsp; \u00c8 possibile acquistare i biglietti su&nbsp;<a href=\"http:\/\/www.ferrovienordbarese.it\/\">www.ferrovienordbarese.it<\/a>, in tutte le biglietterie di stazione, le macchine self-service, per la data ed il treno scelto fra quelli offerti. Si suggerisce di acquistare i biglietti con un&nbsp;<strong>anticipo di almeno&nbsp;<\/strong><strong>due giorni rispetto all\u2019evento&nbsp;<\/strong>cos\u00ec da permettere una migliore programmazione dei servizi a bordo e a terra, per l\u2019accoglienza dei viaggiatori.<\/span><\/p>\n<p style=\"text-align: justify;\"><span style=\"font-size: 12pt;\"><strong>Per i GRUPPI delle diocesi&nbsp;<\/strong>si invita gli organizzatori ad inoltrare una segnalazione all&#8217;indirizzo e-mail&nbsp;<a href=\"mailto:info@ferrovienordbarese.it\">info@ferrovienordbarese.it<\/a>, con indicato il numero ed il treno scelto dal gruppo per il viaggio.<\/span><\/p>\n<p><span style=\"font-size: 12pt;\">Gli orari possono essere scaricati al seguente indirizzo: <a href=\"https:\/\/www.ferrovienordbarese.it\/tmp\/downloads\/Orario_domemenica_23_febbraio_2020.pdf\">https:\/\/www.ferrovienordbarese.it\/tmp\/downloads\/Orario_domemenica_23_febbraio_2020.pdf<\/a><\/span><\/p>\n<p style=\"text-align: justify;\"><span style=\"font-size: 12pt;\">Ferrovie del Sud Est per la Santa Messa del Papa del giorno 23 febbraio 2020, mette a disposizione dei fedeli, corse bus e corse treno speciali per raggiungere comodamente il centro di Bari dove Papa Francesco celebrer\u00e0 la Santa Messa.&nbsp; In particolare verranno istituite corse bus straordinarie sulla relazione Manduria &#8211; Bari, Castellana Grotte &#8211; Bari, una coppia di treni tra Martina Franca e Bari ed una coppia tra Putignano e Bari. I biglietti si possono acquistare dalla seconda settimana di febbraio&nbsp; su <a href=\"https:\/\/www.fseonline.it\/\">www.fseonline.it<\/a>, su tutte le biglietterie automatiche presenti nelle stazioni FSE, in tutti i punti vendita Sisal e Lottomatica, su&nbsp;<a href=\"https:\/\/www.trenialia.com\/\" target=\"_blank\" rel=\"noopener noreferrer\">www.trenialia.com<\/a> e su App Trenitalia. Le comitive ed i gruppi possono scrivere a &nbsp;<a href=\"mailto:gruppi@fseonline.it\">gruppi@fseonline.it<\/a> per organizzare il viaggio. Gli orari dei servizi straordinari sono consultabili all&#8217;indirizzo <a href=\"https:\/\/www.fseonline.it\/newsdettaglio.aspx?id=1948\">https:\/\/www.fseonline.it\/newsdettaglio.aspx?id=1948<\/a><\/span><\/p>\n<p style=\"text-align: justify;\"><span style=\"font-size: 12pt;\">Anche FAL &#8211; Ferrovie Appulo Lucane ha organizzato un programma di servizio straordinario con 7 coppie di treni sulla relazione Gravina &#8211; Altamura &#8211; Bari e 5 coppia sulla relazione Bari Policlinico &#8211; Bari Scalo. Il programma \u00e8 consultabile all&#8217;indirizzo <a href=\"https:\/\/ferrovieappulolucane.it\/wp-content\/uploads\/2020\/02\/treni-speciali-Papa.pdf\">https:\/\/ferrovieappulolucane.it\/wp-content\/uploads\/2020\/02\/treni-speciali-Papa.pdf<\/a><\/span><\/p>\n<\/div>\n","protected":false},"excerpt":{"rendered":"<p>Papa Francesco sar\u00e0 a Bari il prossimo 23 febbraio per la chiusura dell\u2019incontro dei vescovi del Mediterraneo e per l\u2019occasione le aziende di trasporto ferroviario pugliesi hanno organizzato un programma di servizio straordinario per dare la possibilit\u00e0 alle comunit\u00e0 di partecipare all&#8217;incontro.&nbsp;&nbsp; Ferrovie del Gargano organizza treni straordinari per dare la possibilit\u00e0 alle comunit\u00e0 del Gargano Nord, Apricena e S.Severo di partecipare all\u2019incontro con il Santo Pontefice. Il \u201cTreno di\u2026<\/p>\n<p class=\"continue-reading-button\"> <a class=\"continue-reading-link\" href=\"https:\/\/www.ilmondodeitreni.it\/blog\/?p=10919\">Continua la lettura<i class=\"crycon-right-dir\"><\/i><\/a><\/p>\n","protected":false},"author":4,"featured_media":0,"comment_status":"open","ping_status":"open","sticky":false,"template":"","format":"standard","meta":{"footnotes":""},"categories":[2],"tags":[7447,12,7450,3875,7452,537,576,3343,396,7446,7445,7449,7453,1518,173,4782,7451,3341,7448],"class_list":["post-10919","post","type-post","status-publish","format-standard","hentry","category-news","tag-apricena","tag-bari","tag-cagnano-varano","tag-carpino","tag-corato","tag-fal","tag-ferrotramviaria","tag-ferrovie-del-gargano","tag-ferrovie-del-sud-est","tag-gargano-nord","tag-incontro-dei-vescovi-del-mediterraneo","tag-ischitella","tag-manduria","tag-papa-francesco","tag-puglia","tag-putignano","tag-san-nicandro-garganico","tag-san-severo","tag-vincenzo-germano-scarcia"],"_links":{"self":[{"href":"https:\/\/www.ilmondodeitreni.it\/blog\/index.php?rest_route=\/wp\/v2\/posts\/10919","targetHints":{"allow":["GET"]}}],"collection":[{"href":"https:\/\/www.ilmondodeitreni.it\/blog\/index.php?rest_route=\/wp\/v2\/posts"}],"about":[{"href":"https:\/\/www.ilmondodeitreni.it\/blog\/index.php?rest_route=\/wp\/v2\/types\/post"}],"author":[{"embeddable":true,"href":"https:\/\/www.ilmondodeitreni.it\/blog\/index.php?rest_route=\/wp\/v2\/users\/4"}],"replies":[{"embeddable":true,"href":"https:\/\/www.ilmondodeitreni.it\/blog\/index.php?rest_route=%2Fwp%2Fv2%2Fcomments&post=10919"}],"version-history":[{"count":4,"href":"https:\/\/www.ilmondodeitreni.it\/blog\/index.php?rest_route=\/wp\/v2\/posts\/10919\/revisions"}],"predecessor-version":[{"id":10950,"href":"https:\/\/www.ilmondodeitreni.it\/blog\/index.php?rest_route=\/wp\/v2\/posts\/10919\/revisions\/10950"}],"wp:attachment":[{"href":"https:\/\/www.ilmondodeitreni.it\/blog\/index.php?rest_route=%2Fwp%2Fv2%2Fmedia&parent=10919"}],"wp:term":[{"taxonomy":"category","embeddable":true,"href":"https:\/\/www.ilmondodeitreni.it\/blog\/index.php?rest_route=%2Fwp%2Fv2%2Fcategories&post=10919"},{"taxonomy":"post_tag","embeddable":true,"href":"https:\/\/www.ilmondodeitreni.it\/blog\/index.php?rest_route=%2Fwp%2Fv2%2Ftags&post=10919"}],"curies":[{"name":"wp","href":"https:\/\/api.w.org\/{rel}","templated":true}]}}