{"id":10867,"date":"2020-02-11T20:45:58","date_gmt":"2020-02-11T19:45:58","guid":{"rendered":"http:\/\/www.ilmondodeitreni.it\/blog\/?p=10867"},"modified":"2020-02-10T20:39:34","modified_gmt":"2020-02-10T19:39:34","slug":"ascensore-manin-contardo-partono-gli-interventi-di-ammodernamento-dellimpianto-dal-12-febbraio","status":"publish","type":"post","link":"https:\/\/www.ilmondodeitreni.it\/blog\/?p=10867","title":{"rendered":"Ascensore Manin \u2013 Contardo, partono gli interventi di ammodernamento dell\u2019impianto dal 12 febbraio"},"content":{"rendered":"<p style=\"text-align: justify;\"><span style=\"font-size: 12pt;\"><a href=\"http:\/\/www.ilmondodeitreni.it\/blog\/wp-content\/uploads\/2019\/09\/La-cabina-restaurata.jpg\"><img loading=\"lazy\" decoding=\"async\" class=\"alignleft size-thumbnail wp-image-9803\" src=\"http:\/\/www.ilmondodeitreni.it\/blog\/wp-content\/uploads\/2019\/09\/La-cabina-restaurata-160x120.jpg\" alt=\"\" width=\"160\" height=\"120\" srcset=\"https:\/\/www.ilmondodeitreni.it\/blog\/wp-content\/uploads\/2019\/09\/La-cabina-restaurata-160x120.jpg 160w, https:\/\/www.ilmondodeitreni.it\/blog\/wp-content\/uploads\/2019\/09\/La-cabina-restaurata-640x480.jpg 640w, https:\/\/www.ilmondodeitreni.it\/blog\/wp-content\/uploads\/2019\/09\/La-cabina-restaurata-768x576.jpg 768w, https:\/\/www.ilmondodeitreni.it\/blog\/wp-content\/uploads\/2019\/09\/La-cabina-restaurata-200x150.jpg 200w, https:\/\/www.ilmondodeitreni.it\/blog\/wp-content\/uploads\/2019\/09\/La-cabina-restaurata-150x113.jpg 150w, https:\/\/www.ilmondodeitreni.it\/blog\/wp-content\/uploads\/2019\/09\/La-cabina-restaurata.jpg 1024w\" sizes=\"auto, (max-width: 160px) 100vw, 160px\" \/><\/a>L\u2019<strong>ascensore<\/strong>&nbsp;<strong>Manin &#8211; Contardo&nbsp;<\/strong>ha raggiunto i trent\u2019anni di vita tecnica e, come previsto obbligatoriamente dalla normativa, deve essere sottoposto a importanti lavori di ammodernamento che prevedono la sostituzione di tutte le strutture e di tutte le parti in movimento. <\/span><span style=\"font-size: 12pt;\">Pertanto,&nbsp;<strong>da mercoled\u00ec 12 febbraio<\/strong>, l\u2019ascensore sospender\u00e0 il servizio e, data la complessit\u00e0 dei lavori, i tempi di intervento avranno una durata di circa quattro\/sei mesi. AMT si impegner\u00e0 per ridurre il pi\u00f9 possibile le tempistiche.<\/span><\/p>\n<p style=\"text-align: justify;\"><span style=\"font-size: 12pt;\">Verranno eseguiti lavori edili, elettrici e d\u2019impianto; si riportano di seguito i pi\u00f9 significativi.<\/span><\/p>\n<p style=\"text-align: justify;\"><span style=\"font-size: 12pt;\">Attivit\u00e0 impiantistica:<\/span><\/p>\n<ul style=\"text-align: justify;\">\n<li><span style=\"font-size: 12pt;\">rimozione completa e sostituzione di argani, cabina, contrappeso ed altre parti in movimento;<\/span><\/li>\n<li><span style=\"font-size: 12pt;\">sostituzione del quadro elettrico di comando e delle linee elettriche dell\u2019ascensore;adeguamento dei dispositivi di sicurezza previsti dalla normativa;<\/span><\/li>\n<\/ul>\n<ul style=\"text-align: justify;\">\n<li><span style=\"font-size: 12pt;\">installazione di un nuovo sistema di monitoraggio dell\u2019impianto per la diagnostica di funzionamento dell\u2019ascensore;<\/span><\/li>\n<li><span style=\"font-size: 12pt;\">rifacimento delle porte di accesso;<\/span><\/li>\n<li><span style=\"font-size: 12pt;\">realizzazione di nuove pulsantiere e indicatori di piano.<\/span><\/li>\n<\/ul>\n<p style=\"text-align: justify;\"><span style=\"font-size: 12pt;\"><strong>Attivit\u00e0 edile:<\/strong><\/span><\/p>\n<ul style=\"text-align: justify;\">\n<li><span style=\"font-size: 12pt;\">verifiche e interventi strutturali sulle opere civili;<\/span><\/li>\n<li><span style=\"font-size: 12pt;\">interventi sulle carpenterie e sulle strutture del vano corsa;<\/span><\/li>\n<li><span style=\"font-size: 12pt;\">manutenzione straordinaria per migliorare le condizioni ambientali della galleria pedonale, attraverso l\u2019introduzione di un impianto di trattamento dell\u2019aria.<\/span><\/li>\n<\/ul>\n<p style=\"text-align: justify;\"><span style=\"font-size: 12pt;\">Il risultato finale degli interventi sar\u00e0 un ascensore pi\u00f9 moderno, rinnovato nelle sue strutture e adeguato ai pi\u00f9 recenti standard di sicurezza previsti dalla normativa.<\/span><\/p>\n","protected":false},"excerpt":{"rendered":"<p>L\u2019ascensore&nbsp;Manin &#8211; Contardo&nbsp;ha raggiunto i trent\u2019anni di vita tecnica e, come previsto obbligatoriamente dalla normativa, deve essere sottoposto a importanti lavori di ammodernamento che prevedono la sostituzione di tutte le strutture e di tutte le parti in movimento. Pertanto,&nbsp;da mercoled\u00ec 12 febbraio, l\u2019ascensore sospender\u00e0 il servizio e, data la complessit\u00e0 dei lavori, i tempi di intervento avranno una durata di circa quattro\/sei mesi. AMT si impegner\u00e0 per ridurre il pi\u00f9\u2026<\/p>\n<p class=\"continue-reading-button\"> <a class=\"continue-reading-link\" href=\"https:\/\/www.ilmondodeitreni.it\/blog\/?p=10867\">Continua la lettura<i class=\"crycon-right-dir\"><\/i><\/a><\/p>\n","protected":false},"author":13,"featured_media":0,"comment_status":"open","ping_status":"open","sticky":false,"template":"","format":"standard","meta":{"footnotes":""},"categories":[2],"tags":[124,7408,41],"class_list":["post-10867","post","type-post","status-publish","format-standard","hentry","category-news","tag-amt","tag-ascensore-manin-contardo","tag-genova"],"_links":{"self":[{"href":"https:\/\/www.ilmondodeitreni.it\/blog\/index.php?rest_route=\/wp\/v2\/posts\/10867","targetHints":{"allow":["GET"]}}],"collection":[{"href":"https:\/\/www.ilmondodeitreni.it\/blog\/index.php?rest_route=\/wp\/v2\/posts"}],"about":[{"href":"https:\/\/www.ilmondodeitreni.it\/blog\/index.php?rest_route=\/wp\/v2\/types\/post"}],"author":[{"embeddable":true,"href":"https:\/\/www.ilmondodeitreni.it\/blog\/index.php?rest_route=\/wp\/v2\/users\/13"}],"replies":[{"embeddable":true,"href":"https:\/\/www.ilmondodeitreni.it\/blog\/index.php?rest_route=%2Fwp%2Fv2%2Fcomments&post=10867"}],"version-history":[{"count":1,"href":"https:\/\/www.ilmondodeitreni.it\/blog\/index.php?rest_route=\/wp\/v2\/posts\/10867\/revisions"}],"predecessor-version":[{"id":10868,"href":"https:\/\/www.ilmondodeitreni.it\/blog\/index.php?rest_route=\/wp\/v2\/posts\/10867\/revisions\/10868"}],"wp:attachment":[{"href":"https:\/\/www.ilmondodeitreni.it\/blog\/index.php?rest_route=%2Fwp%2Fv2%2Fmedia&parent=10867"}],"wp:term":[{"taxonomy":"category","embeddable":true,"href":"https:\/\/www.ilmondodeitreni.it\/blog\/index.php?rest_route=%2Fwp%2Fv2%2Fcategories&post=10867"},{"taxonomy":"post_tag","embeddable":true,"href":"https:\/\/www.ilmondodeitreni.it\/blog\/index.php?rest_route=%2Fwp%2Fv2%2Ftags&post=10867"}],"curies":[{"name":"wp","href":"https:\/\/api.w.org\/{rel}","templated":true}]}}