{"id":10840,"date":"2020-02-09T11:35:34","date_gmt":"2020-02-09T10:35:34","guid":{"rendered":"http:\/\/www.ilmondodeitreni.it\/blog\/?p=10840"},"modified":"2020-02-08T21:15:38","modified_gmt":"2020-02-08T20:15:38","slug":"nasce-la-linea-ve2-per-servire-il-nuovo-polo-sanitario-di-venaria-dal-12-febbraio","status":"publish","type":"post","link":"https:\/\/www.ilmondodeitreni.it\/blog\/?p=10840","title":{"rendered":"Nasce la linea VE2 per servire il nuovo polo sanitario di Venaria dal 12 febbraio"},"content":{"rendered":"<p style=\"text-align: justify;\"><span style=\"font-size: 12pt;\"><a href=\"http:\/\/www.ilmondodeitreni.it\/blog\/wp-content\/uploads\/2020\/02\/9957_982quattroventi.jpg\"><img loading=\"lazy\" decoding=\"async\" class=\"alignleft size-thumbnail wp-image-10774\" src=\"http:\/\/www.ilmondodeitreni.it\/blog\/wp-content\/uploads\/2020\/02\/9957_982quattroventi-160x120.jpg\" alt=\"\" width=\"160\" height=\"120\" srcset=\"https:\/\/www.ilmondodeitreni.it\/blog\/wp-content\/uploads\/2020\/02\/9957_982quattroventi-160x120.jpg 160w, https:\/\/www.ilmondodeitreni.it\/blog\/wp-content\/uploads\/2020\/02\/9957_982quattroventi-640x480.jpg 640w, https:\/\/www.ilmondodeitreni.it\/blog\/wp-content\/uploads\/2020\/02\/9957_982quattroventi-768x576.jpg 768w, https:\/\/www.ilmondodeitreni.it\/blog\/wp-content\/uploads\/2020\/02\/9957_982quattroventi-150x113.jpg 150w, https:\/\/www.ilmondodeitreni.it\/blog\/wp-content\/uploads\/2020\/02\/9957_982quattroventi.jpg 800w\" sizes=\"auto, (max-width: 160px) 100vw, 160px\" \/><\/a>Da mercoled\u00ec 12 febbraio, a Venaria sar\u00e0 in servizio su un percorso circolare la linea VE2 allo scopo di collegare il territorio cittadino con il nuovo polo sanitario di via Don Sapino destinato a riunire in un unico spazio i servizi amministrativi e sanitari oggi dislocati su pi\u00f9 sedi. Il bus circoler\u00e0 nei giorni feriali dal luned\u00ec al sabato, dalle 7.00 alle 19.30. Questo il percorso della linea VE2: dal capolinea unico presso il nuovo polo sanitario di Via Don Sapino prosegue per via Torino (Collegno), via Petrarca (Venaria), via Puccini, via Guarini, via Da Vinci, via Leopardi, corso Papa Giovanni XXIII, via Iseppon, via Palestro, via Sauro, via Verdi, via Barbi Cinti, corso Machiavelli, via Don Sapino (capolinea).<\/span><\/p>\n","protected":false},"excerpt":{"rendered":"<p>Da mercoled\u00ec 12 febbraio, a Venaria sar\u00e0 in servizio su un percorso circolare la linea VE2 allo scopo di collegare il territorio cittadino con il nuovo polo sanitario di via Don Sapino destinato a riunire in un unico spazio i servizi amministrativi e sanitari oggi dislocati su pi\u00f9 sedi. Il bus circoler\u00e0 nei giorni feriali dal luned\u00ec al sabato, dalle 7.00 alle 19.30. Questo il percorso della linea VE2: dal\u2026<\/p>\n<p class=\"continue-reading-button\"> <a class=\"continue-reading-link\" href=\"https:\/\/www.ilmondodeitreni.it\/blog\/?p=10840\">Continua la lettura<i class=\"crycon-right-dir\"><\/i><\/a><\/p>\n","protected":false},"author":3,"featured_media":0,"comment_status":"open","ping_status":"open","sticky":false,"template":"","format":"standard","meta":{"footnotes":""},"categories":[2],"tags":[288,69,7379,29,2622],"class_list":["post-10840","post","type-post","status-publish","format-standard","hentry","category-news","tag-gtt","tag-mobilita","tag-polo-sanitario-di-via-don-sapino","tag-trasporti","tag-venaria"],"_links":{"self":[{"href":"https:\/\/www.ilmondodeitreni.it\/blog\/index.php?rest_route=\/wp\/v2\/posts\/10840","targetHints":{"allow":["GET"]}}],"collection":[{"href":"https:\/\/www.ilmondodeitreni.it\/blog\/index.php?rest_route=\/wp\/v2\/posts"}],"about":[{"href":"https:\/\/www.ilmondodeitreni.it\/blog\/index.php?rest_route=\/wp\/v2\/types\/post"}],"author":[{"embeddable":true,"href":"https:\/\/www.ilmondodeitreni.it\/blog\/index.php?rest_route=\/wp\/v2\/users\/3"}],"replies":[{"embeddable":true,"href":"https:\/\/www.ilmondodeitreni.it\/blog\/index.php?rest_route=%2Fwp%2Fv2%2Fcomments&post=10840"}],"version-history":[{"count":1,"href":"https:\/\/www.ilmondodeitreni.it\/blog\/index.php?rest_route=\/wp\/v2\/posts\/10840\/revisions"}],"predecessor-version":[{"id":10841,"href":"https:\/\/www.ilmondodeitreni.it\/blog\/index.php?rest_route=\/wp\/v2\/posts\/10840\/revisions\/10841"}],"wp:attachment":[{"href":"https:\/\/www.ilmondodeitreni.it\/blog\/index.php?rest_route=%2Fwp%2Fv2%2Fmedia&parent=10840"}],"wp:term":[{"taxonomy":"category","embeddable":true,"href":"https:\/\/www.ilmondodeitreni.it\/blog\/index.php?rest_route=%2Fwp%2Fv2%2Fcategories&post=10840"},{"taxonomy":"post_tag","embeddable":true,"href":"https:\/\/www.ilmondodeitreni.it\/blog\/index.php?rest_route=%2Fwp%2Fv2%2Ftags&post=10840"}],"curies":[{"name":"wp","href":"https:\/\/api.w.org\/{rel}","templated":true}]}}