{"id":10792,"date":"2020-02-03T22:38:28","date_gmt":"2020-02-03T21:38:28","guid":{"rendered":"http:\/\/www.ilmondodeitreni.it\/blog\/?p=10792"},"modified":"2020-02-03T22:38:28","modified_gmt":"2020-02-03T21:38:28","slug":"svizzera-battezzato-il-tilo-ceneri-2020","status":"publish","type":"post","link":"https:\/\/www.ilmondodeitreni.it\/blog\/?p=10792","title":{"rendered":"Svizzera, battezzato il TILO \u201cCeneri 2020\u201d"},"content":{"rendered":"<p style=\"text-align: justify;\"><span style=\"font-size: 12pt;\"><a href=\"http:\/\/www.ilmondodeitreni.it\/blog\/wp-content\/uploads\/2020\/02\/Ceneri2020.jpg\"><img loading=\"lazy\" decoding=\"async\" class=\"alignleft size-thumbnail wp-image-10793\" src=\"http:\/\/www.ilmondodeitreni.it\/blog\/wp-content\/uploads\/2020\/02\/Ceneri2020-160x107.jpg\" alt=\"\" width=\"160\" height=\"107\" srcset=\"https:\/\/www.ilmondodeitreni.it\/blog\/wp-content\/uploads\/2020\/02\/Ceneri2020-160x107.jpg 160w, https:\/\/www.ilmondodeitreni.it\/blog\/wp-content\/uploads\/2020\/02\/Ceneri2020-150x100.jpg 150w, https:\/\/www.ilmondodeitreni.it\/blog\/wp-content\/uploads\/2020\/02\/Ceneri2020.jpg 550w\" sizes=\"auto, (max-width: 160px) 100vw, 160px\" \/><\/a>Questa mattina, presso la stazione FFS di Bellinzona, gli allievi della 1a C delle scuole medie di Cevio hanno battezzato il treno TILO \u201cCeneri 2020\u201d. Il convoglio, vestito con il layout dedicato all\u2019apertura della galleria, circoler\u00e0 con questa nuova veste grafica sulla rete ferroviaria ticinese nel corso dei prossimi anni. Complessivamente, su tutti i treni della flotta TILO sar\u00e0 a breve applicato un adesivo con il logo dedicato al Ceneri 2020. Dopo il battesimo, svoltosi alla presenza della Direttrice FFS Regione Sud, Roberta Cattaneo, e del Direttore di TILO, Denis Rossi, gli studenti hanno svolto una visita guidata sul Treno scuola e scoperta FFS, la cui tourn\u00e9e nelle stazioni svizzere ha preso il via proprio oggi da Bellinzona, dove soster\u00e0 per due settimane.&nbsp; Il 12-13 dicembre 2020 la Galleria di base del Monte Ceneri sar\u00e0 messa in esercizio. Con essa, il Canton Ticino vivr\u00e0 un salto quantico nella mobilit\u00e0 regionale, con un\u2019importante riduzione dei tempi di percorrenza tra i maggiori centri urbani. Non solo: anche a livello nazionale il nuovo tunnel avviciner\u00e0 ancor pi\u00f9 il nord e il sud del Paese. Per far fronte alla crescente domanda nel traffico regionale, TILO investe nel futuro: 10 nuovi treni Flirt entreranno in servizio in concomitanza con l\u2019apertura della galleria, mentre altri 4 si aggiungeranno nel corso del 2021. Nel frattempo, \u00e8 gi\u00e0 iniziata la formazione di oltre 40 nuovi macchinisti TILO.&nbsp; L\u2019appuntamento con il Treno scuola e scoperta FFS si rinnova anche quest\u2019anno. La tourn\u00e9e del convoglio dedicato alle scuole ha preso il via oggi a Bellinzona e proseguir\u00e0 nel resto della Svizzera nel corso dei prossimi mesi. Nel solo 2019 il Treno scuola e scoperta FFS \u00e8 stato visitato da oltre 1000 classi, per un totale di pi\u00f9 di 20&#8217;000 allievi. Il motto di quest\u2019iniziativa \u00e8 \u201cresponsabilit\u00e0\u201d. L\u2019obiettivo \u00e8 quello di sensibilizzare i giovani su tematiche importanti quali la sicurezza, la sostenibilit\u00e0 energetica, la mobilit\u00e0 e le scelte di carriera. Il Treno scuola e scoperta FFS si rivolge anche a coloro che hanno poca dimestichezza con le nuove tecnologie; in quest\u2019ambito vengono organizzate formazioni per imparare ad utilizzare al meglio la app SBB Mobile. Quest\u2019anno, in concomitanza con l\u2019apertura della Galleria di base del Monte Ceneri, il Treno scuola e scoperta FFS presenta inoltre un nuovo modulo, dedicato proprio alla galleria, grazie al quale gli alunni potranno approfondire quanto ruota intorno al completamento della Nuova Ferrovia Transalpina.<\/span><\/p>\n<h2>&nbsp;<\/h2>\n","protected":false},"excerpt":{"rendered":"<p>Questa mattina, presso la stazione FFS di Bellinzona, gli allievi della 1a C delle scuole medie di Cevio hanno battezzato il treno TILO \u201cCeneri 2020\u201d. Il convoglio, vestito con il layout dedicato all\u2019apertura della galleria, circoler\u00e0 con questa nuova veste grafica sulla rete ferroviaria ticinese nel corso dei prossimi anni. Complessivamente, su tutti i treni della flotta TILO sar\u00e0 a breve applicato un adesivo con il logo dedicato al Ceneri\u2026<\/p>\n<p class=\"continue-reading-button\"> <a class=\"continue-reading-link\" href=\"https:\/\/www.ilmondodeitreni.it\/blog\/?p=10792\">Continua la lettura<i class=\"crycon-right-dir\"><\/i><\/a><\/p>\n","protected":false},"author":12,"featured_media":0,"comment_status":"open","ping_status":"open","sticky":false,"template":"","format":"standard","meta":{"footnotes":""},"categories":[11],"tags":[523,211,7336,7335,7337,5,35,5461,86,7338],"class_list":["post-10792","post","type-post","status-publish","format-standard","hentry","category-news-estero","tag-bellinzona","tag-canton-ticino","tag-ceneri-2020","tag-cevio","tag-denis-rossi","tag-ferrovie","tag-ffs","tag-roberta-cattaneo","tag-tilo","tag-treni-flirt"],"_links":{"self":[{"href":"https:\/\/www.ilmondodeitreni.it\/blog\/index.php?rest_route=\/wp\/v2\/posts\/10792","targetHints":{"allow":["GET"]}}],"collection":[{"href":"https:\/\/www.ilmondodeitreni.it\/blog\/index.php?rest_route=\/wp\/v2\/posts"}],"about":[{"href":"https:\/\/www.ilmondodeitreni.it\/blog\/index.php?rest_route=\/wp\/v2\/types\/post"}],"author":[{"embeddable":true,"href":"https:\/\/www.ilmondodeitreni.it\/blog\/index.php?rest_route=\/wp\/v2\/users\/12"}],"replies":[{"embeddable":true,"href":"https:\/\/www.ilmondodeitreni.it\/blog\/index.php?rest_route=%2Fwp%2Fv2%2Fcomments&post=10792"}],"version-history":[{"count":1,"href":"https:\/\/www.ilmondodeitreni.it\/blog\/index.php?rest_route=\/wp\/v2\/posts\/10792\/revisions"}],"predecessor-version":[{"id":10794,"href":"https:\/\/www.ilmondodeitreni.it\/blog\/index.php?rest_route=\/wp\/v2\/posts\/10792\/revisions\/10794"}],"wp:attachment":[{"href":"https:\/\/www.ilmondodeitreni.it\/blog\/index.php?rest_route=%2Fwp%2Fv2%2Fmedia&parent=10792"}],"wp:term":[{"taxonomy":"category","embeddable":true,"href":"https:\/\/www.ilmondodeitreni.it\/blog\/index.php?rest_route=%2Fwp%2Fv2%2Fcategories&post=10792"},{"taxonomy":"post_tag","embeddable":true,"href":"https:\/\/www.ilmondodeitreni.it\/blog\/index.php?rest_route=%2Fwp%2Fv2%2Ftags&post=10792"}],"curies":[{"name":"wp","href":"https:\/\/api.w.org\/{rel}","templated":true}]}}