{"id":10759,"date":"2020-01-31T15:45:04","date_gmt":"2020-01-31T14:45:04","guid":{"rendered":"http:\/\/www.ilmondodeitreni.it\/blog\/?p=10759"},"modified":"2020-01-31T00:27:58","modified_gmt":"2020-01-30T23:27:58","slug":"ferrovia-della-pusteria-dal-12-febbraio-riapertura-completa","status":"publish","type":"post","link":"https:\/\/www.ilmondodeitreni.it\/blog\/?p=10759","title":{"rendered":"Ferrovia della Pusteria, dal 12 febbraio riapertura completa"},"content":{"rendered":"<p style=\"text-align: justify;\"><span style=\"font-size: 12pt;\"><a href=\"http:\/\/www.ilmondodeitreni.it\/blog\/wp-content\/uploads\/2020\/01\/1053911.jpg\"><img loading=\"lazy\" decoding=\"async\" class=\"alignleft size-thumbnail wp-image-10649\" src=\"http:\/\/www.ilmondodeitreni.it\/blog\/wp-content\/uploads\/2020\/01\/1053911-160x90.jpg\" alt=\"\" width=\"160\" height=\"90\" srcset=\"https:\/\/www.ilmondodeitreni.it\/blog\/wp-content\/uploads\/2020\/01\/1053911-160x90.jpg 160w, https:\/\/www.ilmondodeitreni.it\/blog\/wp-content\/uploads\/2020\/01\/1053911-640x359.jpg 640w, https:\/\/www.ilmondodeitreni.it\/blog\/wp-content\/uploads\/2020\/01\/1053911-150x84.jpg 150w, https:\/\/www.ilmondodeitreni.it\/blog\/wp-content\/uploads\/2020\/01\/1053911.jpg 730w\" sizes=\"auto, (max-width: 160px) 100vw, 160px\" \/><\/a>E&#8217; fissata per il prossimo 12 febbraio la riapertura completa&nbsp;al traffico ferroviario della&nbsp;<strong>linea della Val Pusteria<\/strong>. Dopo la riattivazione della linea tra&nbsp;<strong>Fortezza<\/strong>&nbsp;e&nbsp;<strong>Valdaora<\/strong>&nbsp;lo scorso 23 dicembre, nel weekend \u00e8 prevista anche la riapertura al traffico della tratta&nbsp;<strong>San Candido-Lienz<\/strong>. Lo hanno comunicato ieri (30 gennaio) le <strong>\u00d6BB<\/strong>&nbsp;austriache. Proseguono per\u00f2 i lavori anche a Valdaora di Sopra, in modo tale che sar\u00e0 possibile riaprire la tratta&nbsp;<strong>Valdaora-San Candido<\/strong>&nbsp;il prossimo 12 febbraio.<\/span><\/p>\n<p style=\"text-align: justify;\"><span style=\"font-size: 12pt;\">&#8220;Se i lavori proseguiranno senza intoppi cos\u00ec come avvenuto sinora e le condizioni meteo non faranno registrare peggioramenti, il gestore della linea&nbsp;<strong>RFI<\/strong>&nbsp;e i concessionari del servizio potranno iniziare il 10 febbraio con i primi test, con l&#8217;obiettivo di riaprire l&#8217;intera linea al&nbsp;<strong>traffico ferroviario<\/strong>&nbsp;il 12 febbraio&#8221; riassume l&#8217;assessore provinciale alla mobilit\u00e0&nbsp;<strong>Daniel Alfreider<\/strong>. &#8220;I lavori procedono in modo spedito per una pronta riattivazione del servizio in condizioni di massima sicurezza, a vantaggio di pendolari, scolari, anziani e vacanzieri &#8211;&nbsp;ricorda Alfreider &#8211; un risultato di questo tipo non sarebbe stato possibile senza il lavoro coordinato di tutti gli uffici e di RFI dopo il maltempo di fine novembre&#8221;.<\/span><\/p>\n","protected":false},"excerpt":{"rendered":"<p>E&#8217; fissata per il prossimo 12 febbraio la riapertura completa&nbsp;al traffico ferroviario della&nbsp;linea della Val Pusteria. Dopo la riattivazione della linea tra&nbsp;Fortezza&nbsp;e&nbsp;Valdaora&nbsp;lo scorso 23 dicembre, nel weekend \u00e8 prevista anche la riapertura al traffico della tratta&nbsp;San Candido-Lienz. Lo hanno comunicato ieri (30 gennaio) le \u00d6BB&nbsp;austriache. Proseguono per\u00f2 i lavori anche a Valdaora di Sopra, in modo tale che sar\u00e0 possibile riaprire la tratta&nbsp;Valdaora-San Candido&nbsp;il prossimo 12 febbraio. &#8220;Se i lavori\u2026<\/p>\n<p class=\"continue-reading-button\"> <a class=\"continue-reading-link\" href=\"https:\/\/www.ilmondodeitreni.it\/blog\/?p=10759\">Continua la lettura<i class=\"crycon-right-dir\"><\/i><\/a><\/p>\n","protected":false},"author":9,"featured_media":0,"comment_status":"open","ping_status":"open","sticky":false,"template":"","format":"standard","meta":{"footnotes":""},"categories":[2],"tags":[5335,5,4595,1453,34,3028,6777],"class_list":["post-10759","post","type-post","status-publish","format-standard","hentry","category-news","tag-daniel-alfreider","tag-ferrovie","tag-fortezza","tag-obb","tag-rfi","tag-val-pusteria","tag-valdaora"],"_links":{"self":[{"href":"https:\/\/www.ilmondodeitreni.it\/blog\/index.php?rest_route=\/wp\/v2\/posts\/10759","targetHints":{"allow":["GET"]}}],"collection":[{"href":"https:\/\/www.ilmondodeitreni.it\/blog\/index.php?rest_route=\/wp\/v2\/posts"}],"about":[{"href":"https:\/\/www.ilmondodeitreni.it\/blog\/index.php?rest_route=\/wp\/v2\/types\/post"}],"author":[{"embeddable":true,"href":"https:\/\/www.ilmondodeitreni.it\/blog\/index.php?rest_route=\/wp\/v2\/users\/9"}],"replies":[{"embeddable":true,"href":"https:\/\/www.ilmondodeitreni.it\/blog\/index.php?rest_route=%2Fwp%2Fv2%2Fcomments&post=10759"}],"version-history":[{"count":1,"href":"https:\/\/www.ilmondodeitreni.it\/blog\/index.php?rest_route=\/wp\/v2\/posts\/10759\/revisions"}],"predecessor-version":[{"id":10760,"href":"https:\/\/www.ilmondodeitreni.it\/blog\/index.php?rest_route=\/wp\/v2\/posts\/10759\/revisions\/10760"}],"wp:attachment":[{"href":"https:\/\/www.ilmondodeitreni.it\/blog\/index.php?rest_route=%2Fwp%2Fv2%2Fmedia&parent=10759"}],"wp:term":[{"taxonomy":"category","embeddable":true,"href":"https:\/\/www.ilmondodeitreni.it\/blog\/index.php?rest_route=%2Fwp%2Fv2%2Fcategories&post=10759"},{"taxonomy":"post_tag","embeddable":true,"href":"https:\/\/www.ilmondodeitreni.it\/blog\/index.php?rest_route=%2Fwp%2Fv2%2Ftags&post=10759"}],"curies":[{"name":"wp","href":"https:\/\/api.w.org\/{rel}","templated":true}]}}