{"id":10654,"date":"2020-01-16T23:40:37","date_gmt":"2020-01-16T22:40:37","guid":{"rendered":"http:\/\/www.ilmondodeitreni.it\/blog\/?p=10654"},"modified":"2020-01-16T23:40:37","modified_gmt":"2020-01-16T22:40:37","slug":"stazione-rinnovata-e-piu-accessibile-a-san-giovanni-valdarno","status":"publish","type":"post","link":"https:\/\/www.ilmondodeitreni.it\/blog\/?p=10654","title":{"rendered":"Stazione rinnovata e pi\u00f9 accessibile a San Giovanni Valdarno"},"content":{"rendered":"<p style=\"text-align: justify;\"><span style=\"font-size: 12pt; font-family: georgia, palatino, serif;\"><a href=\"http:\/\/www.ilmondodeitreni.it\/blog\/wp-content\/uploads\/2014\/12\/lviv_uz.jpg\"><img loading=\"lazy\" decoding=\"async\" class=\"alignleft size-thumbnail wp-image-834\" src=\"http:\/\/www.ilmondodeitreni.it\/blog\/wp-content\/uploads\/2014\/12\/lviv_uz-160x104.jpg\" alt=\"\" width=\"160\" height=\"104\" srcset=\"https:\/\/www.ilmondodeitreni.it\/blog\/wp-content\/uploads\/2014\/12\/lviv_uz-160x104.jpg 160w, https:\/\/www.ilmondodeitreni.it\/blog\/wp-content\/uploads\/2014\/12\/lviv_uz-230x150.jpg 230w, https:\/\/www.ilmondodeitreni.it\/blog\/wp-content\/uploads\/2014\/12\/lviv_uz-150x97.jpg 150w, https:\/\/www.ilmondodeitreni.it\/blog\/wp-content\/uploads\/2014\/12\/lviv_uz.jpg 640w\" sizes=\"auto, (max-width: 160px) 100vw, 160px\" \/><\/a>A San Giovanni Valdarno una stazione rinnovata e pi\u00f9 accessibile. <\/span><span style=\"font-size: 12pt; font-family: georgia, palatino, serif;\">L\u2019intervento di riqualificazione \u2013 realizzato da&nbsp;<b>Rete Ferroviaria Italiana<\/b>&nbsp;(Gruppo FS Italiane) con un investimento di circa&nbsp;<b>6.5 milioni di euro<\/b>&nbsp;\u2013 \u00e8 stato presentato oggi all\u2019Assessore ai Trasporti della Regione Toscana&nbsp;<b>Vincenzo Ceccarelli<\/b>, al Sindaco del Comune di San Giovanni Valdarno<b>&nbsp;<\/b><b>Valentina Vadi&nbsp;<\/b>e dal&nbsp;Direttore Produzione Toscana di RFI&nbsp;<b>Efisio Murgia. <\/b><\/span><span style=\"font-size: 12pt; font-family: georgia, palatino, serif;\">Avviati nel 2017 e da poco conclusi, gli interventi sono stati realizzati sia sui fabbricati sia sui due marciapiedi a servizio dei binari 1 e 2\/3, resi alti 55 cm &#8211; secondo lo standard europeo previsto per i servizi ferroviari metropolitani per facilitare l\u2019accesso ai treni &#8211; collegati al sottopassaggio con scale fisse e due&nbsp;nuovi ascensori, e attrezzati con percorsi tattili, per garantire a tutti i viaggiatori una migliore fruibilit\u00e0 della stazione.<\/span><\/p>\n<p style=\"text-align: justify;\"><span style=\"font-size: 12pt; font-family: georgia, palatino, serif;\">L\u2019intero fabbricato viaggiatori ha subito una profonda riqualificazione, con interventi sulle facciate, il rinnovo completo degli infissi e la realizzazione di una nuova sala di attesa nell\u2019atrio reso pi\u00f9 ampio e fruibile. Sono stati inoltre rinnovati il sottopassaggio, dove sono stati installati rivestimenti e pavimentazioni in gres e i servizi igienici, dotati anche di bagno attrezzato per PRM e di un ambiente di nursery.<\/span><\/p>\n<p style=\"text-align: justify;\"><span style=\"font-size: 12pt; font-family: georgia, palatino, serif;\">Ad aumentare la percezione di sicurezza e comfort contribuir\u00e0 anche il nuovo impianto di illuminazione della stazione, con luci a led ad alta efficienza energetica, un nuovo sistema di segnaletica conforme agli ultimi standard emanati da RFI e il rinnovo degli sportelli biglietteria.<\/span><\/p>\n<p style=\"text-align: justify;\"><span style=\"font-size: 12pt; font-family: georgia, palatino, serif;\">Anche la piazza esterna ha subito interventi, per permettere un migliore accesso al fabbricato viaggiatori e ai fabbricati limitrofi, interessati anch\u2019essi da un&nbsp;processo di recupero. Per facilitare la mobilit\u00e0 sostenibile inoltre \u00e8 stato realizzato&nbsp;un parcheggio biciclette coperto, dotato di 86 posti e direttamente collegato con la viabilit\u00e0 esterna, a cui se ne unisce un altro posto nella zona dell\u2019ex piano caricatore.<\/span><\/p>\n<p style=\"text-align: justify;\"><span style=\"font-size: 12pt; font-family: georgia, palatino, serif;\">A seguito di una convenzione stipulata da RFI con il Comune di San Giovanni Valdarno, sar\u00e0 a breve reso completamente accessibile anche l\u2019accesso dal parcheggio comunale di Via Vetri Vecchi, che sar\u00e0 collegato con il sottopassaggio ferroviario da un nuovo ascensore panoramico in acciaio e vetro coperto da una apposita pensilina.<\/span><\/p>\n","protected":false},"excerpt":{"rendered":"<p>A San Giovanni Valdarno una stazione rinnovata e pi\u00f9 accessibile. L\u2019intervento di riqualificazione \u2013 realizzato da&nbsp;Rete Ferroviaria Italiana&nbsp;(Gruppo FS Italiane) con un investimento di circa&nbsp;6.5 milioni di euro&nbsp;\u2013 \u00e8 stato presentato oggi all\u2019Assessore ai Trasporti della Regione Toscana&nbsp;Vincenzo Ceccarelli, al Sindaco del Comune di San Giovanni Valdarno&nbsp;Valentina Vadi&nbsp;e dal&nbsp;Direttore Produzione Toscana di RFI&nbsp;Efisio Murgia. Avviati nel 2017 e da poco conclusi, gli interventi sono stati realizzati sia sui fabbricati sia\u2026<\/p>\n<p class=\"continue-reading-button\"> <a class=\"continue-reading-link\" href=\"https:\/\/www.ilmondodeitreni.it\/blog\/?p=10654\">Continua la lettura<i class=\"crycon-right-dir\"><\/i><\/a><\/p>\n","protected":false},"author":4,"featured_media":0,"comment_status":"open","ping_status":"open","sticky":false,"template":"","format":"standard","meta":{"footnotes":""},"categories":[2],"tags":[3068,192,34,5143,7166,84],"class_list":["post-10654","post","type-post","status-publish","format-standard","hentry","category-news","tag-efisio-murgia","tag-regione-toscana","tag-rfi","tag-san-giovanni-valdarno","tag-valentina-vadi","tag-vincenzo-ceccarelli"],"_links":{"self":[{"href":"https:\/\/www.ilmondodeitreni.it\/blog\/index.php?rest_route=\/wp\/v2\/posts\/10654","targetHints":{"allow":["GET"]}}],"collection":[{"href":"https:\/\/www.ilmondodeitreni.it\/blog\/index.php?rest_route=\/wp\/v2\/posts"}],"about":[{"href":"https:\/\/www.ilmondodeitreni.it\/blog\/index.php?rest_route=\/wp\/v2\/types\/post"}],"author":[{"embeddable":true,"href":"https:\/\/www.ilmondodeitreni.it\/blog\/index.php?rest_route=\/wp\/v2\/users\/4"}],"replies":[{"embeddable":true,"href":"https:\/\/www.ilmondodeitreni.it\/blog\/index.php?rest_route=%2Fwp%2Fv2%2Fcomments&post=10654"}],"version-history":[{"count":1,"href":"https:\/\/www.ilmondodeitreni.it\/blog\/index.php?rest_route=\/wp\/v2\/posts\/10654\/revisions"}],"predecessor-version":[{"id":10655,"href":"https:\/\/www.ilmondodeitreni.it\/blog\/index.php?rest_route=\/wp\/v2\/posts\/10654\/revisions\/10655"}],"wp:attachment":[{"href":"https:\/\/www.ilmondodeitreni.it\/blog\/index.php?rest_route=%2Fwp%2Fv2%2Fmedia&parent=10654"}],"wp:term":[{"taxonomy":"category","embeddable":true,"href":"https:\/\/www.ilmondodeitreni.it\/blog\/index.php?rest_route=%2Fwp%2Fv2%2Fcategories&post=10654"},{"taxonomy":"post_tag","embeddable":true,"href":"https:\/\/www.ilmondodeitreni.it\/blog\/index.php?rest_route=%2Fwp%2Fv2%2Ftags&post=10654"}],"curies":[{"name":"wp","href":"https:\/\/api.w.org\/{rel}","templated":true}]}}