{"id":10634,"date":"2020-01-14T01:04:10","date_gmt":"2020-01-14T00:04:10","guid":{"rendered":"http:\/\/www.ilmondodeitreni.it\/blog\/?p=10634"},"modified":"2020-01-13T22:50:44","modified_gmt":"2020-01-13T21:50:44","slug":"scalo-ferroviario-sulla-linea-suzzara-ferrara-gestito-arrivato-primo-treno-dalla-germania","status":"publish","type":"post","link":"https:\/\/www.ilmondodeitreni.it\/blog\/?p=10634","title":{"rendered":"Scalo ferroviario sulla linea Suzzara Ferrara gestito: arrivato primo treno dalla Germania"},"content":{"rendered":"<p style=\"text-align: justify;\"><span style=\"font-size: 12pt;\"><a href=\"http:\/\/www.ilmondodeitreni.it\/blog\/wp-content\/uploads\/2019\/12\/4990366302_94f00cdc45_o.jpg\"><img loading=\"lazy\" decoding=\"async\" class=\"alignleft size-thumbnail wp-image-10477\" src=\"http:\/\/www.ilmondodeitreni.it\/blog\/wp-content\/uploads\/2019\/12\/4990366302_94f00cdc45_o-160x73.jpg\" alt=\"\" width=\"160\" height=\"73\" srcset=\"https:\/\/www.ilmondodeitreni.it\/blog\/wp-content\/uploads\/2019\/12\/4990366302_94f00cdc45_o-160x73.jpg 160w, https:\/\/www.ilmondodeitreni.it\/blog\/wp-content\/uploads\/2019\/12\/4990366302_94f00cdc45_o-640x290.jpg 640w, https:\/\/www.ilmondodeitreni.it\/blog\/wp-content\/uploads\/2019\/12\/4990366302_94f00cdc45_o-1024x464.jpg 1024w, https:\/\/www.ilmondodeitreni.it\/blog\/wp-content\/uploads\/2019\/12\/4990366302_94f00cdc45_o-768x348.jpg 768w, https:\/\/www.ilmondodeitreni.it\/blog\/wp-content\/uploads\/2019\/12\/4990366302_94f00cdc45_o-1536x696.jpg 1536w, https:\/\/www.ilmondodeitreni.it\/blog\/wp-content\/uploads\/2019\/12\/4990366302_94f00cdc45_o-250x113.jpg 250w, https:\/\/www.ilmondodeitreni.it\/blog\/wp-content\/uploads\/2019\/12\/4990366302_94f00cdc45_o-150x68.jpg 150w, https:\/\/www.ilmondodeitreni.it\/blog\/wp-content\/uploads\/2019\/12\/4990366302_94f00cdc45_o.jpg 1920w\" sizes=\"auto, (max-width: 160px) 100vw, 160px\" \/><\/a>Attivo il nuovo scalo costruito sulla linea Fer tra Poggio Rusco e Suzzara . Lo scalo ferroviario&nbsp; costruito nel 2019, nato dalla collaborazione pubblico\/privato, \u00e8 situato sulla linea Suzzara Ferrara di propriet\u00e0 della Regione Emilia Romagna e gestita da Ferrovia Emilia Romagna Srl . L\u2019area in questione \u00e8 di propriet\u00e0 di Yparco Srl e viene attualmente svolta attivit\u00e0 di stoccaggio\/movimentazione di veicoli di grandi dimensioni, ed \u00e8 stata attrezzata con un finanziamento totalmente privato pari a circa 3 mln.<\/span><br \/>\n<span style=\"font-size: 12pt;\">Il primo treno \u00e8 dalla Germania arrivato a destinazione lo scorso 11 gennaio di circa 600 mt., 50 camion trasportati ogni viaggio. E\u2019 previsto un flusso di 2 treni\/settimana da\/verso la Germania (Rheine) via Poggio Rusco&nbsp; \u2013 corridoio Ti.Bre. \u2013 per il trasporto di veicoli industriali (semirimorchi Krone\/Schmitz), trattori stradali (Scania) e veicoli commerciali (Iveco) per complessivi ca. 14.000 veicoli\/anno e quindi con minori transiti stradali per oltre 6.000 camion\/anno, con conseguente importante riduzione delle emissioni CO2. Un importante contributo allo sviluppo economico sostenibile.<\/span><\/p>\n","protected":false},"excerpt":{"rendered":"<p>Attivo il nuovo scalo costruito sulla linea Fer tra Poggio Rusco e Suzzara . Lo scalo ferroviario&nbsp; costruito nel 2019, nato dalla collaborazione pubblico\/privato, \u00e8 situato sulla linea Suzzara Ferrara di propriet\u00e0 della Regione Emilia Romagna e gestita da Ferrovia Emilia Romagna Srl . L\u2019area in questione \u00e8 di propriet\u00e0 di Yparco Srl e viene attualmente svolta attivit\u00e0 di stoccaggio\/movimentazione di veicoli di grandi dimensioni, ed \u00e8 stata attrezzata con\u2026<\/p>\n<p class=\"continue-reading-button\"> <a class=\"continue-reading-link\" href=\"https:\/\/www.ilmondodeitreni.it\/blog\/?p=10634\">Continua la lettura<i class=\"crycon-right-dir\"><\/i><\/a><\/p>\n","protected":false},"author":1,"featured_media":0,"comment_status":"open","ping_status":"open","sticky":false,"template":"","format":"standard","meta":{"footnotes":""},"categories":[2],"tags":[394,7149,5,72,1278,73,5186,7148,7150],"class_list":["post-10634","post","type-post","status-publish","format-standard","hentry","category-news","tag-fer","tag-ferrovia-emilia-romagna-srl","tag-ferrovie","tag-germania","tag-iveco","tag-regione-emilia-romagna","tag-scania","tag-semirimorchi-krone-schmitz","tag-yparco-srl"],"_links":{"self":[{"href":"https:\/\/www.ilmondodeitreni.it\/blog\/index.php?rest_route=\/wp\/v2\/posts\/10634","targetHints":{"allow":["GET"]}}],"collection":[{"href":"https:\/\/www.ilmondodeitreni.it\/blog\/index.php?rest_route=\/wp\/v2\/posts"}],"about":[{"href":"https:\/\/www.ilmondodeitreni.it\/blog\/index.php?rest_route=\/wp\/v2\/types\/post"}],"author":[{"embeddable":true,"href":"https:\/\/www.ilmondodeitreni.it\/blog\/index.php?rest_route=\/wp\/v2\/users\/1"}],"replies":[{"embeddable":true,"href":"https:\/\/www.ilmondodeitreni.it\/blog\/index.php?rest_route=%2Fwp%2Fv2%2Fcomments&post=10634"}],"version-history":[{"count":1,"href":"https:\/\/www.ilmondodeitreni.it\/blog\/index.php?rest_route=\/wp\/v2\/posts\/10634\/revisions"}],"predecessor-version":[{"id":10635,"href":"https:\/\/www.ilmondodeitreni.it\/blog\/index.php?rest_route=\/wp\/v2\/posts\/10634\/revisions\/10635"}],"wp:attachment":[{"href":"https:\/\/www.ilmondodeitreni.it\/blog\/index.php?rest_route=%2Fwp%2Fv2%2Fmedia&parent=10634"}],"wp:term":[{"taxonomy":"category","embeddable":true,"href":"https:\/\/www.ilmondodeitreni.it\/blog\/index.php?rest_route=%2Fwp%2Fv2%2Fcategories&post=10634"},{"taxonomy":"post_tag","embeddable":true,"href":"https:\/\/www.ilmondodeitreni.it\/blog\/index.php?rest_route=%2Fwp%2Fv2%2Ftags&post=10634"}],"curies":[{"name":"wp","href":"https:\/\/api.w.org\/{rel}","templated":true}]}}