{"id":10620,"date":"2020-01-12T00:01:49","date_gmt":"2020-01-11T23:01:49","guid":{"rendered":"http:\/\/www.ilmondodeitreni.it\/blog\/?p=10620"},"modified":"2020-01-12T00:01:49","modified_gmt":"2020-01-11T23:01:49","slug":"ferrovia-roma-viterbo-nessuna-diffamazione-verso-atac-da-parte-di-david-nicodemi","status":"publish","type":"post","link":"https:\/\/www.ilmondodeitreni.it\/blog\/?p=10620","title":{"rendered":"Ferrovia Roma Viterbo, nessuna diffamazione verso Atac da parte di David Nicodemi"},"content":{"rendered":"<p style=\"text-align: justify;\"><span style=\"font-size: 12pt;\"><a href=\"http:\/\/www.ilmondodeitreni.it\/blog\/wp-content\/uploads\/2019\/12\/301_plvitorchiano.jpg\"><img loading=\"lazy\" decoding=\"async\" class=\"alignleft size-thumbnail wp-image-10539\" src=\"http:\/\/www.ilmondodeitreni.it\/blog\/wp-content\/uploads\/2019\/12\/301_plvitorchiano-160x120.jpg\" alt=\"\" width=\"160\" height=\"120\" srcset=\"https:\/\/www.ilmondodeitreni.it\/blog\/wp-content\/uploads\/2019\/12\/301_plvitorchiano-160x120.jpg 160w, https:\/\/www.ilmondodeitreni.it\/blog\/wp-content\/uploads\/2019\/12\/301_plvitorchiano-150x113.jpg 150w, https:\/\/www.ilmondodeitreni.it\/blog\/wp-content\/uploads\/2019\/12\/301_plvitorchiano.jpg 640w\" sizes=\"auto, (max-width: 160px) 100vw, 160px\" \/><\/a>Il Presidente dell\u2019Associazione&nbsp;<strong>TrasportiAmo<\/strong>,&nbsp;<strong>David Nicodemi<\/strong>, non ha diffamato il Direttore di Esercizio metro-ferro di&nbsp;<strong>Atac SpA<\/strong>,&nbsp;<strong>Giovanni Battista Nicastro<\/strong>. Questo quanto ha stabilito il Giudice per le indagini preliminari del Tribunale di Roma, Dott.&nbsp;<strong>Valerio Savio<\/strong>, che ha respinto l\u2019opposizione alla richiesta di archiviazione avanzata dai legali di Battista Nicastro in merito alla querela intentata contro il cronista\/blogger e disposto l\u2019archiviazione del provvedimento nei suoi confronti accogliendo le istanze della difesa, sostenuta dall\u2019avvocato e docente di Diritto Penale Dott.ssa&nbsp;<strong>Francesca Trentinella<\/strong>, e dal P.M., Dott.&nbsp;<strong>Eugenio Albamonte<\/strong>. Il decreto di archiviazione \u00e8 stato notificato nella giornata del&nbsp;<strong>10 gennaio<\/strong>, in seguito all\u2019Udienza in Camera di Consiglio del&nbsp;<strong>20 dicembre<\/strong> scorso, nella quale il GIP si era riservato di decidere. Tre gli articoli contestati al capo di imputazione, pubblicati nell\u2019ottobre 2014 dalla redazione romana della testata giornalistica online \u201c<strong>Quotidiano Italiano<\/strong>\u201d con sede in Bari, con la quale Nicodemi collaborava, riferiti a una specifica circostanza riscontrata nella ferrovia&nbsp;<strong>Roma-Viterbo<\/strong>, denunciata anche dagli utenti e dal&nbsp;<strong>Comitato Pendolari RomaNord<\/strong>.<\/span><\/p>\n<p style=\"text-align: justify;\"><span style=\"font-size: 12pt;\">In particolare il P.M., nel richiedere l\u2019archiviazione, ha evidenziato che \u201cil reato debba considerarsi scriminato alla luce del diritto di cronaca e di critica senz\u2019altro sussitente in capo dell\u2019indagato, alla luce della rilevanza sociale delle argomentazioni affrontate e della \u2018continenza\u2019 delle espressioni verbali utilizzate\u201d.<\/span><\/p>\n<p style=\"text-align: justify;\"><span style=\"font-size: 12pt;\">\u201cIl Tribunale di Roma ha quindi ribadito quanto sancito dall\u2019articolo 21 della Costituzione Italiana \u2013 dichiara il Presidente Nicodemi \u2013 e conferma la correttezza del lavoro svolto. \u00c8 una vittoria che intendo condividere con tutta la categoria. La stampa, purtroppo, \u00e8 sempre pi\u00f9 oggetto di intimidazioni e di aggressioni, nei casi pi\u00f9 gravi, o di querele temerarie. Esprimo sincera gratitudine al GIP e al PM e ringrazio sentitamente il lavoro profuso dall\u2019avv. Trentinella, persona attenta, preparata e precisa. Unico rammarico? In caso di archiviazione, l\u2019attuale legislazione non consente di richiedere il risarcimento del danno, salvo che per specifiche condizioni, che, comunque, mi riserver\u00f2 di valutare\u201d.<\/span><\/p>\n","protected":false},"excerpt":{"rendered":"<p>Il Presidente dell\u2019Associazione&nbsp;TrasportiAmo,&nbsp;David Nicodemi, non ha diffamato il Direttore di Esercizio metro-ferro di&nbsp;Atac SpA,&nbsp;Giovanni Battista Nicastro. Questo quanto ha stabilito il Giudice per le indagini preliminari del Tribunale di Roma, Dott.&nbsp;Valerio Savio, che ha respinto l\u2019opposizione alla richiesta di archiviazione avanzata dai legali di Battista Nicastro in merito alla querela intentata contro il cronista\/blogger e disposto l\u2019archiviazione del provvedimento nei suoi confronti accogliendo le istanze della difesa, sostenuta dall\u2019avvocato e\u2026<\/p>\n<p class=\"continue-reading-button\"> <a class=\"continue-reading-link\" href=\"https:\/\/www.ilmondodeitreni.it\/blog\/?p=10620\">Continua la lettura<i class=\"crycon-right-dir\"><\/i><\/a><\/p>\n","protected":false},"author":2,"featured_media":0,"comment_status":"open","ping_status":"open","sticky":false,"template":"","format":"standard","meta":{"footnotes":""},"categories":[2],"tags":[6675,6672,7135,7137,7136],"class_list":["post-10620","post","type-post","status-publish","format-standard","hentry","category-news","tag-associazione-trasportiamo","tag-comitato-pendolari-romanord","tag-david-nicodemi","tag-ferrovia-roma-viterbo","tag-quotidiano-italiano"],"_links":{"self":[{"href":"https:\/\/www.ilmondodeitreni.it\/blog\/index.php?rest_route=\/wp\/v2\/posts\/10620","targetHints":{"allow":["GET"]}}],"collection":[{"href":"https:\/\/www.ilmondodeitreni.it\/blog\/index.php?rest_route=\/wp\/v2\/posts"}],"about":[{"href":"https:\/\/www.ilmondodeitreni.it\/blog\/index.php?rest_route=\/wp\/v2\/types\/post"}],"author":[{"embeddable":true,"href":"https:\/\/www.ilmondodeitreni.it\/blog\/index.php?rest_route=\/wp\/v2\/users\/2"}],"replies":[{"embeddable":true,"href":"https:\/\/www.ilmondodeitreni.it\/blog\/index.php?rest_route=%2Fwp%2Fv2%2Fcomments&post=10620"}],"version-history":[{"count":1,"href":"https:\/\/www.ilmondodeitreni.it\/blog\/index.php?rest_route=\/wp\/v2\/posts\/10620\/revisions"}],"predecessor-version":[{"id":10621,"href":"https:\/\/www.ilmondodeitreni.it\/blog\/index.php?rest_route=\/wp\/v2\/posts\/10620\/revisions\/10621"}],"wp:attachment":[{"href":"https:\/\/www.ilmondodeitreni.it\/blog\/index.php?rest_route=%2Fwp%2Fv2%2Fmedia&parent=10620"}],"wp:term":[{"taxonomy":"category","embeddable":true,"href":"https:\/\/www.ilmondodeitreni.it\/blog\/index.php?rest_route=%2Fwp%2Fv2%2Fcategories&post=10620"},{"taxonomy":"post_tag","embeddable":true,"href":"https:\/\/www.ilmondodeitreni.it\/blog\/index.php?rest_route=%2Fwp%2Fv2%2Ftags&post=10620"}],"curies":[{"name":"wp","href":"https:\/\/api.w.org\/{rel}","templated":true}]}}