{"id":10569,"date":"2020-01-06T08:06:59","date_gmt":"2020-01-06T07:06:59","guid":{"rendered":"http:\/\/www.ilmondodeitreni.it\/blog\/?p=10569"},"modified":"2020-01-06T01:09:25","modified_gmt":"2020-01-06T00:09:25","slug":"fs-italiane-nel-centro-sud-la-produzione-dei-nuovi-treni-ibridi-del-trasporto-regionale","status":"publish","type":"post","link":"https:\/\/www.ilmondodeitreni.it\/blog\/?p=10569","title":{"rendered":"FS Italiane: nel Centro-Sud la produzione dei nuovi treni ibridi del trasporto regionale"},"content":{"rendered":"<p style=\"text-align: justify;\"><span style=\"font-size: 12pt;\"><a href=\"http:\/\/www.ilmondodeitreni.it\/blog\/wp-content\/uploads\/2019\/10\/Stadler_FLIRT_valledaosta05MaurizioTolini_20170616.jpg\"><img loading=\"lazy\" decoding=\"async\" class=\"alignleft size-thumbnail wp-image-9813\" src=\"http:\/\/www.ilmondodeitreni.it\/blog\/wp-content\/uploads\/2019\/10\/Stadler_FLIRT_valledaosta05MaurizioTolini_20170616-160x107.jpg\" alt=\"\" width=\"160\" height=\"107\" srcset=\"https:\/\/www.ilmondodeitreni.it\/blog\/wp-content\/uploads\/2019\/10\/Stadler_FLIRT_valledaosta05MaurizioTolini_20170616-160x107.jpg 160w, https:\/\/www.ilmondodeitreni.it\/blog\/wp-content\/uploads\/2019\/10\/Stadler_FLIRT_valledaosta05MaurizioTolini_20170616-640x427.jpg 640w, https:\/\/www.ilmondodeitreni.it\/blog\/wp-content\/uploads\/2019\/10\/Stadler_FLIRT_valledaosta05MaurizioTolini_20170616-768x513.jpg 768w, https:\/\/www.ilmondodeitreni.it\/blog\/wp-content\/uploads\/2019\/10\/Stadler_FLIRT_valledaosta05MaurizioTolini_20170616-225x150.jpg 225w, https:\/\/www.ilmondodeitreni.it\/blog\/wp-content\/uploads\/2019\/10\/Stadler_FLIRT_valledaosta05MaurizioTolini_20170616-150x100.jpg 150w, https:\/\/www.ilmondodeitreni.it\/blog\/wp-content\/uploads\/2019\/10\/Stadler_FLIRT_valledaosta05MaurizioTolini_20170616.jpg 800w\" sizes=\"auto, (max-width: 160px) 100vw, 160px\" \/><\/a>Saranno realizzati al Centro &#8211; Sud, negli stabilimenti Hitachi di&nbsp;Pistoia,&nbsp;Napoli&nbsp;e&nbsp;Reggio Calabria, i nuovi treni ibridi destinati al trasporto regionale.&nbsp;Trenitalia&nbsp;(Gruppo FS Italiane) a seguito di un&nbsp;bando di gara europeo&nbsp;ha gi\u00e0 commissionato&nbsp;43 esemplari dei nuovi convogli attrezzati con motori diesel per linee non elettrificate, con&nbsp;pantografo per linee elettrificate, e con&nbsp;batterie per percorrere l\u2019ultimo miglio su linee non elettrificate evitando l\u2019uso di carburante.&nbsp;I treni, che potranno raggiungere la velocit\u00e0 massima di 160 km\/h, sono attualmente in&nbsp;fase di progettazione\/costruzione. <\/span><span style=\"font-size: 12pt;\">Grazie alle batterie, capaci di sempre maggiore autonomia, i treni potranno viaggiare nei tratti di linea non elettrificati in fase di avvicinamento ai centri storici o durante la sosta in stazione prima della partenza,&nbsp;riducendo notevolmente le emissioni inquinanti e la rumorosit\u00e0, con benefici sia per l\u2019ambiente sia per i costi di gestione in termini di risparmio di gasolio.&nbsp;Dal punto di vista dei servizi a bordo, i treni offriranno&nbsp;tutti i confort del nuovo standard del trasporto regionale: informazioni, climatizzazione, prese usb e di corrente a 220V, distributori di snack e bevande, posti bici e bagagliere. <\/span><span style=\"font-size: 12pt;\">Cos\u00ec come per i moderni treni&nbsp;<i>Rock<\/i>&nbsp;e&nbsp;<i>Pop<\/i>, anche i&nbsp;convogli ibridi&nbsp;saranno costruiti secondo le specifiche tecniche necessarie a&nbsp;facilitare salita e discesa delle persone a ridotta mobilit\u00e0.&nbsp;Il&nbsp;Gruppo FS Italiane, guidato da&nbsp;Gianfranco Battisti, conferma cos\u00ec la politica di&nbsp;rafforzamento del trasporto pubblico su ferro&nbsp;con sempre maggiore attenzione alla sostenibilit\u00e0 ambientale e al benessere delle persone.<\/span><\/p>\n","protected":false},"excerpt":{"rendered":"<p>Saranno realizzati al Centro &#8211; Sud, negli stabilimenti Hitachi di&nbsp;Pistoia,&nbsp;Napoli&nbsp;e&nbsp;Reggio Calabria, i nuovi treni ibridi destinati al trasporto regionale.&nbsp;Trenitalia&nbsp;(Gruppo FS Italiane) a seguito di un&nbsp;bando di gara europeo&nbsp;ha gi\u00e0 commissionato&nbsp;43 esemplari dei nuovi convogli attrezzati con motori diesel per linee non elettrificate, con&nbsp;pantografo per linee elettrificate, e con&nbsp;batterie per percorrere l\u2019ultimo miglio su linee non elettrificate evitando l\u2019uso di carburante.&nbsp;I treni, che potranno raggiungere la velocit\u00e0 massima di 160 km\/h,\u2026<\/p>\n<p class=\"continue-reading-button\"> <a class=\"continue-reading-link\" href=\"https:\/\/www.ilmondodeitreni.it\/blog\/?p=10569\">Continua la lettura<i class=\"crycon-right-dir\"><\/i><\/a><\/p>\n","protected":false},"author":7,"featured_media":0,"comment_status":"open","ping_status":"open","sticky":false,"template":"","format":"standard","meta":{"footnotes":""},"categories":[2],"tags":[5,170,1564,134,302,720,23],"class_list":["post-10569","post","type-post","status-publish","format-standard","hentry","category-news","tag-ferrovie","tag-gianfranco-battisti","tag-hitachi","tag-napoli","tag-pistoia","tag-reggio-calabria","tag-trenitalia"],"_links":{"self":[{"href":"https:\/\/www.ilmondodeitreni.it\/blog\/index.php?rest_route=\/wp\/v2\/posts\/10569","targetHints":{"allow":["GET"]}}],"collection":[{"href":"https:\/\/www.ilmondodeitreni.it\/blog\/index.php?rest_route=\/wp\/v2\/posts"}],"about":[{"href":"https:\/\/www.ilmondodeitreni.it\/blog\/index.php?rest_route=\/wp\/v2\/types\/post"}],"author":[{"embeddable":true,"href":"https:\/\/www.ilmondodeitreni.it\/blog\/index.php?rest_route=\/wp\/v2\/users\/7"}],"replies":[{"embeddable":true,"href":"https:\/\/www.ilmondodeitreni.it\/blog\/index.php?rest_route=%2Fwp%2Fv2%2Fcomments&post=10569"}],"version-history":[{"count":1,"href":"https:\/\/www.ilmondodeitreni.it\/blog\/index.php?rest_route=\/wp\/v2\/posts\/10569\/revisions"}],"predecessor-version":[{"id":10570,"href":"https:\/\/www.ilmondodeitreni.it\/blog\/index.php?rest_route=\/wp\/v2\/posts\/10569\/revisions\/10570"}],"wp:attachment":[{"href":"https:\/\/www.ilmondodeitreni.it\/blog\/index.php?rest_route=%2Fwp%2Fv2%2Fmedia&parent=10569"}],"wp:term":[{"taxonomy":"category","embeddable":true,"href":"https:\/\/www.ilmondodeitreni.it\/blog\/index.php?rest_route=%2Fwp%2Fv2%2Fcategories&post=10569"},{"taxonomy":"post_tag","embeddable":true,"href":"https:\/\/www.ilmondodeitreni.it\/blog\/index.php?rest_route=%2Fwp%2Fv2%2Ftags&post=10569"}],"curies":[{"name":"wp","href":"https:\/\/api.w.org\/{rel}","templated":true}]}}