{"id":10360,"date":"2019-12-11T02:19:23","date_gmt":"2019-12-11T01:19:23","guid":{"rendered":"http:\/\/www.ilmondodeitreni.it\/blog\/?p=10360"},"modified":"2019-12-10T20:29:32","modified_gmt":"2019-12-10T19:29:32","slug":"nuovo-orario-invernale-di-trenitaliale-novita-in-abruzzo","status":"publish","type":"post","link":"https:\/\/www.ilmondodeitreni.it\/blog\/?p=10360","title":{"rendered":"Nuovo orario invernale di Trenitalia,le novit\u00e0 in Abruzzo"},"content":{"rendered":"<p style=\"text-align: justify;\"><a href=\"http:\/\/www.ilmondodeitreni.it\/blog\/wp-content\/uploads\/2019\/01\/Aln6681020e1004s_introdacqua.jpg\"><img loading=\"lazy\" decoding=\"async\" class=\"alignleft size-thumbnail wp-image-8528\" src=\"http:\/\/www.ilmondodeitreni.it\/blog\/wp-content\/uploads\/2019\/01\/Aln6681020e1004s_introdacqua-160x120.jpg\" alt=\"\" width=\"160\" height=\"120\" srcset=\"https:\/\/www.ilmondodeitreni.it\/blog\/wp-content\/uploads\/2019\/01\/Aln6681020e1004s_introdacqua-160x120.jpg 160w, https:\/\/www.ilmondodeitreni.it\/blog\/wp-content\/uploads\/2019\/01\/Aln6681020e1004s_introdacqua-200x150.jpg 200w, https:\/\/www.ilmondodeitreni.it\/blog\/wp-content\/uploads\/2019\/01\/Aln6681020e1004s_introdacqua.jpg 640w, https:\/\/www.ilmondodeitreni.it\/blog\/wp-content\/uploads\/2019\/01\/Aln6681020e1004s_introdacqua-150x113.jpg 150w\" sizes=\"auto, (max-width: 160px) 100vw, 160px\" \/><\/a>Per quanto riguarda i treni nazionali in circolazione in Abruzzo, la nuova offerta al via da domenica 15 dicembre&nbsp; vede un incremento di confort e velocit\u00e0 sulla Linea Adriatica grazie all\u2019introduzione graduale di nuovi treni Frecciargento ETR 700. Saranno 14 ogni giorno i Frecciargento in servizio sulla rotta Torino\/Milano\/Venezia \u2013 Adriatica, quattro in pi\u00f9 rispetto ad oggi. I collegamenti Frecciargento percorreranno, tra Bologna e Milano, la linea Alta Velocit\u00e0 e questo consentir\u00e0 un accorciamento dei loro tempi di viaggio fino a 30 minuti. Tra Ancona e Milano basteranno tre ore e 26 minuti, tra Pescara e Milano quattro ore e 39 minuti e tra Termoli e Milano cinque ore e 29 minuti. Il percorso di inserimento graduale dei nuovi treni Frecciargento sulla Linea Adriatica sar\u00e0 completato entro giugno 2020, quando saranno ben 22 i Frecciargento in servizio tra Milano, Venezia e la costa Adriatica. Confermati, infine, i sei Frecciarossa sulla rotta Adriatica: due tra Pescara e Milano, due tra Bari e Milano, due tra Torino, Milano e Lecce. L\u2019offerta dei treni regionali &#8211; definita con la Regione committente e finanziatrice del servizio &#8211; resta confermata. L\u2019ottimizzazione dei collegamenti sulla tratta Sulmona-Avezzano e l\u2019istituzione di un nuovo collegamento bus contribuiranno a migliorare la mobilit\u00e0 dalla Marsica alla costa adriatica. Viene confermata anche l\u2019attestazione a Roma Termini dei Regionali Veloci Pescara &#8211; Roma. Infine, parte in Abruzzo il primo progetto di intermodalit\u00e0, realizzato in sinergia con la societ\u00e0 Baltour, mirato ad agevolare gli interscambi ferro\/gomma e facilitare l\u2019accesso ai rispettivi servizi attraverso l\u2019acquisto di un unico biglietto di viaggio presso la rete di vendita di Trenitalia.<br \/>\nDa venerd\u00ec 6 dicembre gli studenti dell\u2019Universit\u00e0 di Teramo potranno usufruire di un collegamento intermodale, con 36 corse andata e ritorno, tra la stazione di Teramo diretti al Campus Universitario di Coste S. Agostino Teramo si conferma una sede universitaria funzionale alle politiche di mobilit\u00e0 sostenibile: il nuovo servizio intermodale treno+bus, si aggiunge alla facile raggiungibilit\u00e0 del polo universitario dell\u2019Ospedale Veterinario, ubicato a soli 50 metri dalla fermata ferroviaria di Piano d\u2019Accio. Nessuna novit\u00e0 per la riapertura al traffico ordinario della Sulmona &#8211; Castel di Sangro &#8211; Carpinone: in attesa di futuri scenari legati alla ricostruzione della linea ex Sangritana Archi &#8211; Castel di Sangro la tratta resta percorsa esclusivamente percorsa da treni turistici,mentre per l&#8217;utenza pendolare restano a disposizione i bus sostitutivi.&nbsp;<\/p>\n","protected":false},"excerpt":{"rendered":"<p>Per quanto riguarda i treni nazionali in circolazione in Abruzzo, la nuova offerta al via da domenica 15 dicembre&nbsp; vede un incremento di confort e velocit\u00e0 sulla Linea Adriatica grazie all\u2019introduzione graduale di nuovi treni Frecciargento ETR 700. Saranno 14 ogni giorno i Frecciargento in servizio sulla rotta Torino\/Milano\/Venezia \u2013 Adriatica, quattro in pi\u00f9 rispetto ad oggi. I collegamenti Frecciargento percorreranno, tra Bologna e Milano, la linea Alta Velocit\u00e0 e\u2026<\/p>\n<p class=\"continue-reading-button\"> <a class=\"continue-reading-link\" href=\"https:\/\/www.ilmondodeitreni.it\/blog\/?p=10360\">Continua la lettura<i class=\"crycon-right-dir\"><\/i><\/a><\/p>\n","protected":false},"author":2,"featured_media":0,"comment_status":"open","ping_status":"open","sticky":false,"template":"","format":"standard","meta":{"footnotes":""},"categories":[2],"tags":[189,6897,5,6898,6895,6896,23],"class_list":["post-10360","post","type-post","status-publish","format-standard","hentry","category-news","tag-abruzzo","tag-campus-universitario-di-coste-s-agostino-teramo","tag-ferrovie","tag-marsica","tag-nuovo-orario-2020","tag-polo-universitario-dellospedale-veterinario","tag-trenitalia"],"_links":{"self":[{"href":"https:\/\/www.ilmondodeitreni.it\/blog\/index.php?rest_route=\/wp\/v2\/posts\/10360","targetHints":{"allow":["GET"]}}],"collection":[{"href":"https:\/\/www.ilmondodeitreni.it\/blog\/index.php?rest_route=\/wp\/v2\/posts"}],"about":[{"href":"https:\/\/www.ilmondodeitreni.it\/blog\/index.php?rest_route=\/wp\/v2\/types\/post"}],"author":[{"embeddable":true,"href":"https:\/\/www.ilmondodeitreni.it\/blog\/index.php?rest_route=\/wp\/v2\/users\/2"}],"replies":[{"embeddable":true,"href":"https:\/\/www.ilmondodeitreni.it\/blog\/index.php?rest_route=%2Fwp%2Fv2%2Fcomments&post=10360"}],"version-history":[{"count":1,"href":"https:\/\/www.ilmondodeitreni.it\/blog\/index.php?rest_route=\/wp\/v2\/posts\/10360\/revisions"}],"predecessor-version":[{"id":10361,"href":"https:\/\/www.ilmondodeitreni.it\/blog\/index.php?rest_route=\/wp\/v2\/posts\/10360\/revisions\/10361"}],"wp:attachment":[{"href":"https:\/\/www.ilmondodeitreni.it\/blog\/index.php?rest_route=%2Fwp%2Fv2%2Fmedia&parent=10360"}],"wp:term":[{"taxonomy":"category","embeddable":true,"href":"https:\/\/www.ilmondodeitreni.it\/blog\/index.php?rest_route=%2Fwp%2Fv2%2Fcategories&post=10360"},{"taxonomy":"post_tag","embeddable":true,"href":"https:\/\/www.ilmondodeitreni.it\/blog\/index.php?rest_route=%2Fwp%2Fv2%2Ftags&post=10360"}],"curies":[{"name":"wp","href":"https:\/\/api.w.org\/{rel}","templated":true}]}}