{"id":1023,"date":"2015-01-03T10:30:34","date_gmt":"2015-01-03T09:30:34","guid":{"rendered":"http:\/\/www.ilmondodeitreni.it\/blog\/?p=1023"},"modified":"2015-01-03T10:31:21","modified_gmt":"2015-01-03T09:31:21","slug":"disservizi-ferrovie-ceccarelli-rfi-e-trenitalia-ci-devono-risposte","status":"publish","type":"post","link":"https:\/\/www.ilmondodeitreni.it\/blog\/?p=1023","title":{"rendered":"Disservizi ferrovie, Ceccarelli: &#8220;Rfi e Trenitalia ci devono risposte&#8221;"},"content":{"rendered":"<p style=\"text-align: justify;\"><a href=\"http:\/\/www.ilmondodeitreni.it\/blog\/wp-content\/uploads\/2014\/12\/ALe642.jpg\"><img loading=\"lazy\" decoding=\"async\" class=\"alignleft size-thumbnail wp-image-790\" src=\"http:\/\/www.ilmondodeitreni.it\/blog\/wp-content\/uploads\/2014\/12\/ALe642-150x150.jpg\" alt=\"ALe642\" width=\"150\" height=\"150\" \/><\/a>&#8220;Dati che purtroppo fotografano una realt\u00e0 gi\u00e0 conosciuta e rispetto alla quale la Regione Toscana si \u00e8 gi\u00e0 da tempo attivata, con una mia lettera alle Direzioni generali di Rfi e Trenitalia, per conoscere la situazione nel dettaglio e soprattutto per chiedere interventi di contenimento dei disagi e dei disservizi. Mi aspetto che i gestori rispondano quanto prima, spiegandoci le ragioni di quanto sta succedendo e soprattutto cosa intendano fare per porvi rimedio&#8221;. Cos\u00ec l&#8217;assessore regionale alle infrastrutture Vincenzo Ceccarelli commenta i dati pubblicati da Trenitalia, relativi agli indici di puntualit\u00e0 delle ferrovie toscane a novembre, mese che per ritardi e soppressioni \u00e8 risultato il peggiore di tutto il 2014.<\/p>\n<p style=\"text-align: justify;\">&#8220;Proprio a novembre, sulla base delle informazioni che siamo stati in grado di acquisire, ci siamo attivati con Rfi e Trenitalia per avere precise risposte rispetto a una situazione di degrado della regolarit\u00e0 sempre pi\u00f9 generalizzata &#8211; ricorda l&#8217;assessore &#8211; E certo ci consola assai poco sapere che la situazione \u00e8 stata ancor pi\u00f9 pesante per gli interregionali. Al contrario, quest&#8217;ultimo \u00e8 un aspetto di ulteriore preoccupazione. E certo le cose non miglioreranno con l&#8217;ondata di maltempo attesa in Toscana. Quanto sta succedendo, pur considerando le condizioni create dalle avversit\u00e0 del meteo, non \u00e8 assolutamente accettabile, alla luce anche degli investimenti che la Regione ha attivato per l&#8217;acquisto dei mezzi diesel e per il miglioramento del servizio, cos\u00ec come alla luce della fase di rinnovo del contratto. Per tutto questo esigiamo risposte e interventi immediati&#8221;.<\/p>\n","protected":false},"excerpt":{"rendered":"<p>&#8220;Dati che purtroppo fotografano una realt\u00e0 gi\u00e0 conosciuta e rispetto alla quale la Regione Toscana si \u00e8 gi\u00e0 da tempo attivata, con una mia lettera alle Direzioni generali di Rfi e Trenitalia, per conoscere la situazione nel dettaglio e soprattutto per chiedere interventi di contenimento dei disagi e dei disservizi. Mi aspetto che i gestori rispondano quanto prima, spiegandoci le ragioni di quanto sta succedendo e soprattutto cosa intendano fare\u2026<\/p>\n<p class=\"continue-reading-button\"> <a class=\"continue-reading-link\" href=\"https:\/\/www.ilmondodeitreni.it\/blog\/?p=1023\">Continua la lettura<i class=\"crycon-right-dir\"><\/i><\/a><\/p>\n","protected":false},"author":2,"featured_media":0,"comment_status":"open","ping_status":"open","sticky":false,"template":"","format":"standard","meta":{"footnotes":""},"categories":[2],"tags":[5,34,39,23,84],"class_list":["post-1023","post","type-post","status-publish","format-standard","hentry","category-news","tag-ferrovie","tag-rfi","tag-toscana","tag-trenitalia","tag-vincenzo-ceccarelli"],"_links":{"self":[{"href":"https:\/\/www.ilmondodeitreni.it\/blog\/index.php?rest_route=\/wp\/v2\/posts\/1023","targetHints":{"allow":["GET"]}}],"collection":[{"href":"https:\/\/www.ilmondodeitreni.it\/blog\/index.php?rest_route=\/wp\/v2\/posts"}],"about":[{"href":"https:\/\/www.ilmondodeitreni.it\/blog\/index.php?rest_route=\/wp\/v2\/types\/post"}],"author":[{"embeddable":true,"href":"https:\/\/www.ilmondodeitreni.it\/blog\/index.php?rest_route=\/wp\/v2\/users\/2"}],"replies":[{"embeddable":true,"href":"https:\/\/www.ilmondodeitreni.it\/blog\/index.php?rest_route=%2Fwp%2Fv2%2Fcomments&post=1023"}],"version-history":[{"count":1,"href":"https:\/\/www.ilmondodeitreni.it\/blog\/index.php?rest_route=\/wp\/v2\/posts\/1023\/revisions"}],"predecessor-version":[{"id":1024,"href":"https:\/\/www.ilmondodeitreni.it\/blog\/index.php?rest_route=\/wp\/v2\/posts\/1023\/revisions\/1024"}],"wp:attachment":[{"href":"https:\/\/www.ilmondodeitreni.it\/blog\/index.php?rest_route=%2Fwp%2Fv2%2Fmedia&parent=1023"}],"wp:term":[{"taxonomy":"category","embeddable":true,"href":"https:\/\/www.ilmondodeitreni.it\/blog\/index.php?rest_route=%2Fwp%2Fv2%2Fcategories&post=1023"},{"taxonomy":"post_tag","embeddable":true,"href":"https:\/\/www.ilmondodeitreni.it\/blog\/index.php?rest_route=%2Fwp%2Fv2%2Ftags&post=1023"}],"curies":[{"name":"wp","href":"https:\/\/api.w.org\/{rel}","templated":true}]}}