{"id":10213,"date":"2019-11-27T13:06:19","date_gmt":"2019-11-27T12:06:19","guid":{"rendered":"http:\/\/www.ilmondodeitreni.it\/blog\/?p=10213"},"modified":"2019-11-26T23:09:32","modified_gmt":"2019-11-26T22:09:32","slug":"busitalia-veneto-nuove-mappe-del-trasporto-pubblico","status":"publish","type":"post","link":"https:\/\/www.ilmondodeitreni.it\/blog\/?p=10213","title":{"rendered":"Busitalia Veneto: nuove mappe del trasporto pubblico"},"content":{"rendered":"<p style=\"text-align: justify;\"><a href=\"http:\/\/www.ilmondodeitreni.it\/blog\/wp-content\/uploads\/2019\/11\/1556_viatiburtinagra.jpg\"><img loading=\"lazy\" decoding=\"async\" class=\"alignleft size-thumbnail wp-image-10102\" src=\"http:\/\/www.ilmondodeitreni.it\/blog\/wp-content\/uploads\/2019\/11\/1556_viatiburtinagra-160x120.jpg\" alt=\"\" width=\"160\" height=\"120\" srcset=\"https:\/\/www.ilmondodeitreni.it\/blog\/wp-content\/uploads\/2019\/11\/1556_viatiburtinagra-160x120.jpg 160w, https:\/\/www.ilmondodeitreni.it\/blog\/wp-content\/uploads\/2019\/11\/1556_viatiburtinagra-200x150.jpg 200w, https:\/\/www.ilmondodeitreni.it\/blog\/wp-content\/uploads\/2019\/11\/1556_viatiburtinagra-150x113.jpg 150w, https:\/\/www.ilmondodeitreni.it\/blog\/wp-content\/uploads\/2019\/11\/1556_viatiburtinagra.jpg 640w\" sizes=\"auto, (max-width: 160px) 100vw, 160px\" \/><\/a>Nuova grafica per le mappe del trasporto pubblico locale, urbano ed extra urbano, a Padova e provincia, per rendere il servizio sempre pi\u00f9 accessibile e per migliorare le informazioni e le comunicazioni alle persone. Le nuove mappe, elaborate con un attento lavoro di sintesi e di schematizzazione dei percorsi e delle fermate, raccolgono in un unico documento agile e di facile consultazione le informazioni utili sulle linee gestite da Busitalia Veneto (Gruppo FS Italiane). Oltre a integrare i percorsi dei trasporti urbani ed extraurbani, rappresentano graficamente tutte le fermate dell\u2019area cittadina e indicano le interconnessioni, i nodi di scambio e le fermate <i>Express<\/i>.<br \/>\n&nbsp;<br \/>\nLa nuova grafica \u00e8 stata presentata oggi, nella sala verde dello storico Caff\u00e8 Pedrocchi di Padova, dal Presidente&nbsp;<b>Andrea Ragona<\/b>&nbsp;e dall\u2019Amministratore Delegato&nbsp;<b>Franco Ettore Viola<\/b>&nbsp;di Busitalia Veneto.<br \/>\n&nbsp;<br \/>\nLe mappe del trasporto pubblico locale urbano ed extra urbano sono anche uno strumento indispensabile per una citt\u00e0 a vocazione turistica come Padova, soprattutto in vista della candidatura del progetto&nbsp;<i>Padova Urbs Picta<\/i>&nbsp;per la \u201cLista del Patrimonio Mondiale dell\u2019UNESCO per il 2020\u201d e degli eventi legati a \u201cPadova capitale del volontariato 2020\u201d.<br \/>\n&nbsp;<br \/>\nLa nuova veste grafica delle mappe \u00e8 la prima tappa del pi\u00f9 ampio progetto di Busitalia Veneto avviato per rinnovare i supporti e le modalit\u00e0 di informazione, comunicazione e ascolto delle persone. L\u2019obiettivo \u00e8 quello di migliorare la qualit\u00e0 del servizio, in linea con il Piano industriale 2019-2023 del Gruppo FS Italiane.<br \/>\n&nbsp;<br \/>\nLe persone potranno dare una valutazione delle nuove mapper, in relazione a chiarezza e coerenza delle informazioni, tramite l\u2019apposito form pubblicato da oggi, 26 novembre 2019, sul sito web&nbsp;<a title=\"Vai al sito di Busitalia Veneto\" href=\"http:\/\/www.fsbusitaliaveneto.it\/\" target=\"_blank\" rel=\"noopener noreferrer\">fsbusitaliaveneto.it<\/a>.<\/p>\n<ul class=\"listDocs\">\n<li class=\"listDocs_pdf\"><a class=\"linkEsterno\" title=\"Mappa urbana\" href=\"http:\/\/www.fsnews.it\/cms-file\/allegati\/fsnews2014\/Urbana_1.pdf\">Mappa urbana (.pdf&nbsp;703 KB )<\/a><\/li>\n<li class=\"listDocs_pdf\"><a class=\"linkEsterno\" title=\"Mappa extraurbana\" href=\"http:\/\/www.fsnews.it\/cms-file\/allegati\/fsnews2014\/Extraurbana_1.pdf\">Mappa extraurbana (.pdf&nbsp;409 KB )<\/a><\/li>\n<\/ul>\n","protected":false},"excerpt":{"rendered":"<p>Nuova grafica per le mappe del trasporto pubblico locale, urbano ed extra urbano, a Padova e provincia, per rendere il servizio sempre pi\u00f9 accessibile e per migliorare le informazioni e le comunicazioni alle persone. Le nuove mappe, elaborate con un attento lavoro di sintesi e di schematizzazione dei percorsi e delle fermate, raccolgono in un unico documento agile e di facile consultazione le informazioni utili sulle linee gestite da Busitalia\u2026<\/p>\n<p class=\"continue-reading-button\"> <a class=\"continue-reading-link\" href=\"https:\/\/www.ilmondodeitreni.it\/blog\/?p=10213\">Continua la lettura<i class=\"crycon-right-dir\"><\/i><\/a><\/p>\n","protected":false},"author":3,"featured_media":0,"comment_status":"open","ping_status":"open","sticky":false,"template":"","format":"standard","meta":{"footnotes":""},"categories":[2],"tags":[4793,768,6790,6791,1353,455,6792,5070],"class_list":["post-10213","post","type-post","status-publish","format-standard","hentry","category-news","tag-andrea-ragona","tag-busitalia-veneto","tag-caffe-pedrocchi","tag-franco-ettore-viola","tag-gruppo-fs-italiane","tag-padova","tag-padova-urbs-picta","tag-trasporto-pubblico-locale"],"_links":{"self":[{"href":"https:\/\/www.ilmondodeitreni.it\/blog\/index.php?rest_route=\/wp\/v2\/posts\/10213","targetHints":{"allow":["GET"]}}],"collection":[{"href":"https:\/\/www.ilmondodeitreni.it\/blog\/index.php?rest_route=\/wp\/v2\/posts"}],"about":[{"href":"https:\/\/www.ilmondodeitreni.it\/blog\/index.php?rest_route=\/wp\/v2\/types\/post"}],"author":[{"embeddable":true,"href":"https:\/\/www.ilmondodeitreni.it\/blog\/index.php?rest_route=\/wp\/v2\/users\/3"}],"replies":[{"embeddable":true,"href":"https:\/\/www.ilmondodeitreni.it\/blog\/index.php?rest_route=%2Fwp%2Fv2%2Fcomments&post=10213"}],"version-history":[{"count":1,"href":"https:\/\/www.ilmondodeitreni.it\/blog\/index.php?rest_route=\/wp\/v2\/posts\/10213\/revisions"}],"predecessor-version":[{"id":10214,"href":"https:\/\/www.ilmondodeitreni.it\/blog\/index.php?rest_route=\/wp\/v2\/posts\/10213\/revisions\/10214"}],"wp:attachment":[{"href":"https:\/\/www.ilmondodeitreni.it\/blog\/index.php?rest_route=%2Fwp%2Fv2%2Fmedia&parent=10213"}],"wp:term":[{"taxonomy":"category","embeddable":true,"href":"https:\/\/www.ilmondodeitreni.it\/blog\/index.php?rest_route=%2Fwp%2Fv2%2Fcategories&post=10213"},{"taxonomy":"post_tag","embeddable":true,"href":"https:\/\/www.ilmondodeitreni.it\/blog\/index.php?rest_route=%2Fwp%2Fv2%2Ftags&post=10213"}],"curies":[{"name":"wp","href":"https:\/\/api.w.org\/{rel}","templated":true}]}}