{"id":10155,"date":"2019-11-21T01:00:21","date_gmt":"2019-11-21T00:00:21","guid":{"rendered":"http:\/\/www.ilmondodeitreni.it\/blog\/?p=10155"},"modified":"2019-11-20T22:02:55","modified_gmt":"2019-11-20T21:02:55","slug":"maltempo-indagine-geologica-per-valutazione-danni-tra-fortezza-e-san-candido","status":"publish","type":"post","link":"https:\/\/www.ilmondodeitreni.it\/blog\/?p=10155","title":{"rendered":"Maltempo: indagine geologica per valutazione danni tra Fortezza e San Candido"},"content":{"rendered":"<p style=\"text-align: justify;\"><a href=\"http:\/\/www.ilmondodeitreni.it\/blog\/wp-content\/uploads\/2019\/10\/1044953__sad_casanova.jpg\"><img loading=\"lazy\" decoding=\"async\" class=\"alignleft size-thumbnail wp-image-9850\" src=\"http:\/\/www.ilmondodeitreni.it\/blog\/wp-content\/uploads\/2019\/10\/1044953__sad_casanova-160x107.jpg\" alt=\"\" width=\"160\" height=\"107\" srcset=\"https:\/\/www.ilmondodeitreni.it\/blog\/wp-content\/uploads\/2019\/10\/1044953__sad_casanova-160x107.jpg 160w, https:\/\/www.ilmondodeitreni.it\/blog\/wp-content\/uploads\/2019\/10\/1044953__sad_casanova-640x427.jpg 640w, https:\/\/www.ilmondodeitreni.it\/blog\/wp-content\/uploads\/2019\/10\/1044953__sad_casanova-768x512.jpg 768w, https:\/\/www.ilmondodeitreni.it\/blog\/wp-content\/uploads\/2019\/10\/1044953__sad_casanova-1024x683.jpg 1024w, https:\/\/www.ilmondodeitreni.it\/blog\/wp-content\/uploads\/2019\/10\/1044953__sad_casanova-225x150.jpg 225w, https:\/\/www.ilmondodeitreni.it\/blog\/wp-content\/uploads\/2019\/10\/1044953__sad_casanova-150x100.jpg 150w, https:\/\/www.ilmondodeitreni.it\/blog\/wp-content\/uploads\/2019\/10\/1044953__sad_casanova.jpg 1140w\" sizes=\"auto, (max-width: 160px) 100vw, 160px\" \/><\/a>\u00c8 attualmente in corso la valutazione dei danni provocati dal maltempo sulla linea Fortezza-San Candido, dove luned\u00ec mattina &#8211; tra Rio Pusteria e Vandoies &#8211; si \u00e8 verificata una frana che ha trasportato una notevole quantit\u00e0 di detriti sui binari. Nelle ore successive all\u2019interruzione della circolazione, infatti, si sono verificati altri tre smottamenti in diversi punti della linea (nei pressi di San Lorenzo, Brunico e Valdaora) e una caduta massi al km 11 che hanno fortemente compromesso l\u2019infrastruttura ferroviaria. In queste ore i tecnici di Rete Ferroviaria Italiana stanno eseguendo un\u2019approfondita indagine geologica, avvalendosi anche di ricognizioni aeree, a valle della quale si potr\u00e0 definire il pi\u00f9 opportuno programma di interventi per il ripristino e un cronoprogramma dettagliato. Per garantire la mobilit\u00e0 \u00e8 attivo un servizio sostitutivo con bus fra le stazioni di Fortezza e San Candido.<\/p>\n","protected":false},"excerpt":{"rendered":"<p>\u00c8 attualmente in corso la valutazione dei danni provocati dal maltempo sulla linea Fortezza-San Candido, dove luned\u00ec mattina &#8211; tra Rio Pusteria e Vandoies &#8211; si \u00e8 verificata una frana che ha trasportato una notevole quantit\u00e0 di detriti sui binari. Nelle ore successive all\u2019interruzione della circolazione, infatti, si sono verificati altri tre smottamenti in diversi punti della linea (nei pressi di San Lorenzo, Brunico e Valdaora) e una caduta massi\u2026<\/p>\n<p class=\"continue-reading-button\"> <a class=\"continue-reading-link\" href=\"https:\/\/www.ilmondodeitreni.it\/blog\/?p=10155\">Continua la lettura<i class=\"crycon-right-dir\"><\/i><\/a><\/p>\n","protected":false},"author":9,"featured_media":0,"comment_status":"open","ping_status":"open","sticky":false,"template":"","format":"standard","meta":{"footnotes":""},"categories":[2],"tags":[3027,5,3316,87,34,6748,6747],"class_list":["post-10155","post","type-post","status-publish","format-standard","hentry","category-news","tag-brunico","tag-ferrovie","tag-linea-fortezza-san-candido","tag-maltempo","tag-rfi","tag-rio-pusteria","tag-san-lorenzo"],"_links":{"self":[{"href":"https:\/\/www.ilmondodeitreni.it\/blog\/index.php?rest_route=\/wp\/v2\/posts\/10155","targetHints":{"allow":["GET"]}}],"collection":[{"href":"https:\/\/www.ilmondodeitreni.it\/blog\/index.php?rest_route=\/wp\/v2\/posts"}],"about":[{"href":"https:\/\/www.ilmondodeitreni.it\/blog\/index.php?rest_route=\/wp\/v2\/types\/post"}],"author":[{"embeddable":true,"href":"https:\/\/www.ilmondodeitreni.it\/blog\/index.php?rest_route=\/wp\/v2\/users\/9"}],"replies":[{"embeddable":true,"href":"https:\/\/www.ilmondodeitreni.it\/blog\/index.php?rest_route=%2Fwp%2Fv2%2Fcomments&post=10155"}],"version-history":[{"count":1,"href":"https:\/\/www.ilmondodeitreni.it\/blog\/index.php?rest_route=\/wp\/v2\/posts\/10155\/revisions"}],"predecessor-version":[{"id":10156,"href":"https:\/\/www.ilmondodeitreni.it\/blog\/index.php?rest_route=\/wp\/v2\/posts\/10155\/revisions\/10156"}],"wp:attachment":[{"href":"https:\/\/www.ilmondodeitreni.it\/blog\/index.php?rest_route=%2Fwp%2Fv2%2Fmedia&parent=10155"}],"wp:term":[{"taxonomy":"category","embeddable":true,"href":"https:\/\/www.ilmondodeitreni.it\/blog\/index.php?rest_route=%2Fwp%2Fv2%2Fcategories&post=10155"},{"taxonomy":"post_tag","embeddable":true,"href":"https:\/\/www.ilmondodeitreni.it\/blog\/index.php?rest_route=%2Fwp%2Fv2%2Ftags&post=10155"}],"curies":[{"name":"wp","href":"https:\/\/api.w.org\/{rel}","templated":true}]}}