{"id":1013,"date":"2014-12-31T21:41:56","date_gmt":"2014-12-31T20:41:56","guid":{"rendered":"http:\/\/www.ilmondodeitreni.it\/blog\/?p=1013"},"modified":"2014-12-31T21:41:56","modified_gmt":"2014-12-31T20:41:56","slug":"linea-ascoli-porto-dascoli-san-benedetto-del-tronto-circolazione-sospesa-per-lavori-al-sottopasso-di-via-pasubio","status":"publish","type":"post","link":"https:\/\/www.ilmondodeitreni.it\/blog\/?p=1013","title":{"rendered":"Linea Ascoli &#8211; Porto d\u2019Ascoli &#8211; San Benedetto del Tronto: circolazione sospesa per lavori al sottopasso di via Pasubio"},"content":{"rendered":"<p style=\"text-align: justify;\"><a href=\"http:\/\/www.ilmondodeitreni.it\/blog\/wp-content\/uploads\/2014\/12\/ALn6683243_Ascoli.jpg\"><img loading=\"lazy\" decoding=\"async\" class=\"alignleft size-thumbnail wp-image-710\" src=\"http:\/\/www.ilmondodeitreni.it\/blog\/wp-content\/uploads\/2014\/12\/ALn6683243_Ascoli-150x150.jpg\" alt=\"ALn6683243_Ascoli\" width=\"150\" height=\"150\" \/><\/a>Entrano nel vivo i lavori per la realizzazione del sottopasso ferroviario di Via Pasubio, a San Benedetto del Tronto. L\u2019intervento \u00e8 propedeutico all\u2019eliminazione del passaggio a livello, prevista entro il primo semestre del 2015. Per consentire l\u2019esecuzione dei lavori, la circolazione sulla Ascoli \u2013 Porto d\u2019Ascoli \u2013 San Benedetto sar\u00e0 sospesa dalle ore 22 di sabato 3 alle 23 di luned\u00ec 5 gennaio. La mobilit\u00e0 sar\u00e0 garantita dai bus di linea START, gratuitamente a disposizione dei possessori di regolare biglietto ferroviario.<\/p>\n<p style=\"text-align: justify;\">Informazioni disponibili anche nelle stazioni, nelle biglietterie e negli uffici assistenza clienti<\/p>\n","protected":false},"excerpt":{"rendered":"<p>Entrano nel vivo i lavori per la realizzazione del sottopasso ferroviario di Via Pasubio, a San Benedetto del Tronto. L\u2019intervento \u00e8 propedeutico all\u2019eliminazione del passaggio a livello, prevista entro il primo semestre del 2015. Per consentire l\u2019esecuzione dei lavori, la circolazione sulla Ascoli \u2013 Porto d\u2019Ascoli \u2013 San Benedetto sar\u00e0 sospesa dalle ore 22 di sabato 3 alle 23 di luned\u00ec 5 gennaio. La mobilit\u00e0 sar\u00e0 garantita dai bus di\u2026<\/p>\n<p class=\"continue-reading-button\"> <a class=\"continue-reading-link\" href=\"https:\/\/www.ilmondodeitreni.it\/blog\/?p=1013\">Continua la lettura<i class=\"crycon-right-dir\"><\/i><\/a><\/p>\n","protected":false},"author":6,"featured_media":0,"comment_status":"open","ping_status":"open","sticky":false,"template":"","format":"standard","meta":{"footnotes":""},"categories":[2],"tags":[674,5,391,34],"class_list":["post-1013","post","type-post","status-publish","format-standard","hentry","category-news","tag-ascoli","tag-ferrovie","tag-marche","tag-rfi"],"_links":{"self":[{"href":"https:\/\/www.ilmondodeitreni.it\/blog\/index.php?rest_route=\/wp\/v2\/posts\/1013","targetHints":{"allow":["GET"]}}],"collection":[{"href":"https:\/\/www.ilmondodeitreni.it\/blog\/index.php?rest_route=\/wp\/v2\/posts"}],"about":[{"href":"https:\/\/www.ilmondodeitreni.it\/blog\/index.php?rest_route=\/wp\/v2\/types\/post"}],"author":[{"embeddable":true,"href":"https:\/\/www.ilmondodeitreni.it\/blog\/index.php?rest_route=\/wp\/v2\/users\/6"}],"replies":[{"embeddable":true,"href":"https:\/\/www.ilmondodeitreni.it\/blog\/index.php?rest_route=%2Fwp%2Fv2%2Fcomments&post=1013"}],"version-history":[{"count":1,"href":"https:\/\/www.ilmondodeitreni.it\/blog\/index.php?rest_route=\/wp\/v2\/posts\/1013\/revisions"}],"predecessor-version":[{"id":1014,"href":"https:\/\/www.ilmondodeitreni.it\/blog\/index.php?rest_route=\/wp\/v2\/posts\/1013\/revisions\/1014"}],"wp:attachment":[{"href":"https:\/\/www.ilmondodeitreni.it\/blog\/index.php?rest_route=%2Fwp%2Fv2%2Fmedia&parent=1013"}],"wp:term":[{"taxonomy":"category","embeddable":true,"href":"https:\/\/www.ilmondodeitreni.it\/blog\/index.php?rest_route=%2Fwp%2Fv2%2Fcategories&post=1013"},{"taxonomy":"post_tag","embeddable":true,"href":"https:\/\/www.ilmondodeitreni.it\/blog\/index.php?rest_route=%2Fwp%2Fv2%2Ftags&post=1013"}],"curies":[{"name":"wp","href":"https:\/\/api.w.org\/{rel}","templated":true}]}}