{"id":10058,"date":"2019-11-13T22:46:39","date_gmt":"2019-11-13T21:46:39","guid":{"rendered":"http:\/\/www.ilmondodeitreni.it\/blog\/?p=10058"},"modified":"2019-11-13T22:46:39","modified_gmt":"2019-11-13T21:46:39","slug":"tranvia-sassi-superga-bus-sostitutivi-dal-lunedi-al-venerdi-per-lavori-dal-18-novembre","status":"publish","type":"post","link":"https:\/\/www.ilmondodeitreni.it\/blog\/?p=10058","title":{"rendered":"Tranvia Sassi-Superga: bus sostitutivi dal luned\u00ec al venerd\u00ec per lavori dal 18 novembre"},"content":{"rendered":"<p style=\"text-align: justify;\"><a href=\"http:\/\/www.ilmondodeitreni.it\/blog\/wp-content\/uploads\/2019\/10\/avv_pericolo.jpg\"><img loading=\"lazy\" decoding=\"async\" class=\"alignleft size-thumbnail wp-image-9886\" src=\"http:\/\/www.ilmondodeitreni.it\/blog\/wp-content\/uploads\/2019\/10\/avv_pericolo-160x140.jpg\" alt=\"\" width=\"160\" height=\"140\" srcset=\"https:\/\/www.ilmondodeitreni.it\/blog\/wp-content\/uploads\/2019\/10\/avv_pericolo-160x140.jpg 160w, https:\/\/www.ilmondodeitreni.it\/blog\/wp-content\/uploads\/2019\/10\/avv_pericolo-549x480.jpg 549w, https:\/\/www.ilmondodeitreni.it\/blog\/wp-content\/uploads\/2019\/10\/avv_pericolo-768x672.jpg 768w, https:\/\/www.ilmondodeitreni.it\/blog\/wp-content\/uploads\/2019\/10\/avv_pericolo-171x150.jpg 171w, https:\/\/www.ilmondodeitreni.it\/blog\/wp-content\/uploads\/2019\/10\/avv_pericolo-640x560.jpg 640w, https:\/\/www.ilmondodeitreni.it\/blog\/wp-content\/uploads\/2019\/10\/avv_pericolo-150x131.jpg 150w, https:\/\/www.ilmondodeitreni.it\/blog\/wp-content\/uploads\/2019\/10\/avv_pericolo.jpg 800w\" sizes=\"auto, (max-width: 160px) 100vw, 160px\" \/><\/a>GTT informa che a seguito dello svolgimento di lavori di manutenzione straordinaria sulla linea, <strong>dal 18 novembre al 20 dicembre<\/strong>,<strong>&nbsp;solo nei nei giorni feriali dal luned\u00ec al venerd\u00ec<\/strong>, il servizio Sassi-Superga sar\u00e0&nbsp;<strong>gestito con la linea bus 79b. <\/strong>Nelle giornate di&nbsp;<strong>sabato, domenica e festivi<\/strong>, il trenino sar\u00e0 in&nbsp;<strong>regolare servizio&nbsp;<\/strong>sulla tranvia.<\/p>\n","protected":false},"excerpt":{"rendered":"<p>GTT informa che a seguito dello svolgimento di lavori di manutenzione straordinaria sulla linea, dal 18 novembre al 20 dicembre,&nbsp;solo nei nei giorni feriali dal luned\u00ec al venerd\u00ec, il servizio Sassi-Superga sar\u00e0&nbsp;gestito con la linea bus 79b. Nelle giornate di&nbsp;sabato, domenica e festivi, il trenino sar\u00e0 in&nbsp;regolare servizio&nbsp;sulla tranvia.<\/p>\n<p class=\"continue-reading-button\"> <a class=\"continue-reading-link\" href=\"https:\/\/www.ilmondodeitreni.it\/blog\/?p=10058\">Continua la lettura<i class=\"crycon-right-dir\"><\/i><\/a><\/p>\n","protected":false},"author":2,"featured_media":0,"comment_status":"open","ping_status":"open","sticky":false,"template":"","format":"standard","meta":{"footnotes":""},"categories":[2],"tags":[288,6645,213,29],"class_list":["post-10058","post","type-post","status-publish","format-standard","hentry","category-news","tag-gtt","tag-sassi-superga","tag-torino","tag-trasporti"],"_links":{"self":[{"href":"https:\/\/www.ilmondodeitreni.it\/blog\/index.php?rest_route=\/wp\/v2\/posts\/10058","targetHints":{"allow":["GET"]}}],"collection":[{"href":"https:\/\/www.ilmondodeitreni.it\/blog\/index.php?rest_route=\/wp\/v2\/posts"}],"about":[{"href":"https:\/\/www.ilmondodeitreni.it\/blog\/index.php?rest_route=\/wp\/v2\/types\/post"}],"author":[{"embeddable":true,"href":"https:\/\/www.ilmondodeitreni.it\/blog\/index.php?rest_route=\/wp\/v2\/users\/2"}],"replies":[{"embeddable":true,"href":"https:\/\/www.ilmondodeitreni.it\/blog\/index.php?rest_route=%2Fwp%2Fv2%2Fcomments&post=10058"}],"version-history":[{"count":1,"href":"https:\/\/www.ilmondodeitreni.it\/blog\/index.php?rest_route=\/wp\/v2\/posts\/10058\/revisions"}],"predecessor-version":[{"id":10059,"href":"https:\/\/www.ilmondodeitreni.it\/blog\/index.php?rest_route=\/wp\/v2\/posts\/10058\/revisions\/10059"}],"wp:attachment":[{"href":"https:\/\/www.ilmondodeitreni.it\/blog\/index.php?rest_route=%2Fwp%2Fv2%2Fmedia&parent=10058"}],"wp:term":[{"taxonomy":"category","embeddable":true,"href":"https:\/\/www.ilmondodeitreni.it\/blog\/index.php?rest_route=%2Fwp%2Fv2%2Fcategories&post=10058"},{"taxonomy":"post_tag","embeddable":true,"href":"https:\/\/www.ilmondodeitreni.it\/blog\/index.php?rest_route=%2Fwp%2Fv2%2Ftags&post=10058"}],"curies":[{"name":"wp","href":"https:\/\/api.w.org\/{rel}","templated":true}]}}